{"id":33667,"date":"2017-12-01T05:45:56","date_gmt":"2017-12-01T11:45:56","guid":{"rendered":"http:\/\/visionpeninsular.com\/mid\/?p=33667"},"modified":"2017-12-01T05:45:56","modified_gmt":"2017-12-01T11:45:56","slug":"manana-en-campeche-encendido-arbol-navideno-en-plaza-la-republica","status":"publish","type":"post","link":"https:\/\/visionpeninsular.com\/mid\/manana-en-campeche-encendido-arbol-navideno-en-plaza-la-republica\/","title":{"rendered":"Ma\u00f1ana, en Campeche, encendido de \u00c1rbol Navide\u00f1o en Plaza de la Rep\u00fablica"},"content":{"rendered":"<p>En el marco de las actividades de la \u201cNavidad en Grande\u201d, el Gobierno del Estado, a trav\u00e9s de la Secretar\u00eda de Desarrollo Social y Humano (Sedesyh), realizar\u00e1 este s\u00e1bado 2 de diciembre a las 20:00 horas, el tradicional encendido del \u00c1rbol Navide\u00f1o y el concierto del grupo Reik en la Plaza de la Rep\u00fablica, evento totalmente gratuito.<\/p>\n<p>El titular de la Sedesyh, Jorge Chanona Echeverr\u00eda, inform\u00f3 que dentro del programa de este d\u00eda tambi\u00e9n se presentar\u00e1 el show infantil navide\u00f1o \u201cCartas a Santa\u201d, espect\u00e1culo que de igual forma podr\u00e1n disfrutar las familias el d\u00eda 3 de diciembre a las 20:00 horas. \u201cEstas actividades se realizan con el objetivo de preservar las tradiciones decembrinas y promover la convivencia familiar\u201d, dijo.<\/p>\n<p>Asimismo, detall\u00f3 que el \u00c1rbol navide\u00f1o mide m\u00e1s de 30 metros de alto y cuenta con un show de luces.<\/p>\n<p>Y para deleitar a la concurrencia, expres\u00f3 el titular de la Sedesyh, se presentar\u00e1 en concierto el grupo Reik, con sus temas \u201cDe rodillas\u201d, \u201cQu\u00e9date conmigo\u201d, \u201cUn amor de verdad\u201d, \u201cYa me enter\u00e9\u201d, \u201cNoviembre sin ti\u201d, \u201cYo quisiera\u201d, entre otros \u00e9xitos m\u00e1s.<\/p>\n<p>Finalmente, recalc\u00f3 que todas las actividades son gratuitas, por lo que invit\u00f3 a las familias campechanas a participar y a divertirse en todas las actividades que el Gobierno del Estado, a trav\u00e9s de la Sedesyh, tiene preparadas en el marco de las festividades navide\u00f1as, como es la \u201cNavidad en Grande\u201d en la Plaza de la Rep\u00fablica y la Feria Navide\u00f1a sobre Hielo, instalada en el Foro Ah Kim Pech.<\/p>\n<div class='share-to-whatsapp-wrapper'><div class='share-on-whsp'>Share on: <\/div><a data-text='Ma\u00f1ana, en Campeche, encendido de \u00c1rbol Navide\u00f1o en Plaza de la Rep\u00fablica' data-link='https:\/\/visionpeninsular.com\/mid\/manana-en-campeche-encendido-arbol-navideno-en-plaza-la-republica\/' class='whatsapp-button whatsapp-share'>WhatsApp<\/a><div class='clear '><\/div><\/div>","protected":false},"excerpt":{"rendered":"<p>En el marco de las actividades de la \u201cNavidad en Grande\u201d, el Gobierno del Estado, a trav\u00e9s de la Secretar\u00eda de Desarrollo Social y Humano (Sedesyh), realizar\u00e1 este s\u00e1bado 2 de diciembre a las 20:00 horas, el tradicional encendido del \u00c1rbol Navide\u00f1o y el concierto del grupo Reik en la Plaza de la Rep\u00fablica, evento &hellip;<\/p>\n","protected":false},"author":1,"featured_media":33668,"comment_status":"open","ping_status":"open","sticky":false,"template":"","format":"standard","meta":{"_mi_skip_tracking":false},"categories":[45],"tags":[9230],"_links":{"self":[{"href":"https:\/\/visionpeninsular.com\/mid\/wp-json\/wp\/v2\/posts\/33667"}],"collection":[{"href":"https:\/\/visionpeninsular.com\/mid\/wp-json\/wp\/v2\/posts"}],"about":[{"href":"https:\/\/visionpeninsular.com\/mid\/wp-json\/wp\/v2\/types\/post"}],"author":[{"embeddable":true,"href":"https:\/\/visionpeninsular.com\/mid\/wp-json\/wp\/v2\/users\/1"}],"replies":[{"embeddable":true,"href":"https:\/\/visionpeninsular.com\/mid\/wp-json\/wp\/v2\/comments?post=33667"}],"version-history":[{"count":1,"href":"https:\/\/visionpeninsular.com\/mid\/wp-json\/wp\/v2\/posts\/33667\/revisions"}],"predecessor-version":[{"id":33669,"href":"https:\/\/visionpeninsular.com\/mid\/wp-json\/wp\/v2\/posts\/33667\/revisions\/33669"}],"wp:featuredmedia":[{"embeddable":true,"href":"https:\/\/visionpeninsular.com\/mid\/wp-json\/wp\/v2\/media\/33668"}],"wp:attachment":[{"href":"https:\/\/visionpeninsular.com\/mid\/wp-json\/wp\/v2\/media?parent=33667"}],"wp:term":[{"taxonomy":"category","embeddable":true,"href":"https:\/\/visionpeninsular.com\/mid\/wp-json\/wp\/v2\/categories?post=33667"},{"taxonomy":"post_tag","embeddable":true,"href":"https:\/\/visionpeninsular.com\/mid\/wp-json\/wp\/v2\/tags?post=33667"}],"curies":[{"name":"wp","href":"https:\/\/api.w.org\/{rel}","templated":true}]}}