{"id":33548,"date":"2017-11-28T07:59:58","date_gmt":"2017-11-28T13:59:58","guid":{"rendered":"http:\/\/visionpeninsular.com\/mid\/?p=33548"},"modified":"2017-11-28T07:59:58","modified_gmt":"2017-11-28T13:59:58","slug":"coordinan-esfuerzos-solidaridad-empresariado-mejorar-la-carretera-federal","status":"publish","type":"post","link":"https:\/\/visionpeninsular.com\/mid\/coordinan-esfuerzos-solidaridad-empresariado-mejorar-la-carretera-federal\/","title":{"rendered":"COORDINAN ESFUERZOS SOLIDARIDAD Y EMPRESARIADO PARA MEJORAR LA CARRETERA FEDERAL"},"content":{"rendered":"<p class=\"x_MsoNormal\" style=\"text-align: left;\" align=\"center\"><span lang=\"ES-TRAD\">El Gobierno de Solidaridad, encabezado por la Presidenta Municipal, Cristina Torres G\u00f3mez, firm\u00f3 un convenio de colaboraci\u00f3n con la iniciativa privada y la Secretar\u00eda de Comunicaciones y Transportes (SCT) a trav\u00e9s del cual se invertir\u00e1n m\u00e1s de 12.3 millones de pesos para mejorar la carretera federal 5.5 kil\u00f3metros de la carretera federal en su parte norte.<\/span><\/p>\n<p class=\"x_MsoNormal\"><span lang=\"ES-TRAD\">\u201cSin la voluntad de ustedes (empresarios) y el trabajo coordinado, esto no hubiera sido posible. A nombre de todos los solidarenses y quintanarroenses les damos las gracias por apostarle a este lugar; es momento de regresarle a Solidaridad un poco de lo mucho que nos ha dado\u201d, afirm\u00f3 la Mun\u00edcipe.<\/span><\/p>\n<p class=\"x_MsoNormal\"><span lang=\"ES-TRAD\">Asimismo, hizo un reconocimiento a la SCT por haber brindado las autorizaciones para llevar a cabo los trabajos en esta vialidad as\u00ed como por ser la encargada de supervisar que los mismos se realicen con calidad y transparencia.<\/span><\/p>\n<p class=\"x_MsoNormal\"><span lang=\"ES-TRAD\">La obra abarcar\u00e1 del kil\u00f3metro 294+810 al 299+514 del tramo sur a norte, incluir\u00e1 el mantenimiento preventivo del carril de desaceleraci\u00f3n e incorporaci\u00f3n, as\u00ed como la instalaci\u00f3n de se\u00f1al\u00e9tica horizontal y vertical de acuerdo a la normatividad de la SCT y ampliar los trabajos de reforestaci\u00f3n que ya se llevan a cabo en dicho espacio.<\/span><\/p>\n<p class=\"x_MsoNormal\"><span lang=\"ES-TRAD\">La Mun\u00edcipe explic\u00f3 que esta obra permitir\u00e1 reforzar la seguridad vial de los usuarios, asimismo, dio a conocer que ya se encuentra en pl\u00e1ticas con los empresarios del lado norte a sur, con el prop\u00f3sito de replicar los trabajos hacia Puerto Aventuras.\u00a0<\/span><\/p>\n<p class=\"x_MsoNormal\"><span lang=\"ES-TRAD\">Acompa\u00f1ada por el titular de la Unidad de Asuntos Jur\u00eddicos del Centro de la SCT en Quintana Roo, Ra\u00fal Gonz\u00e1lez Cetina, quien asisti\u00f3 en representaci\u00f3n del Director General, Francisco Elizondo Garrido, Cristina Torres exhort\u00f3 a los empresarios a participar en la supervisi\u00f3n de la obra y la revisi\u00f3n de los avances.<\/span><\/p>\n<p class=\"x_MsoNormal\"><span lang=\"ES-TRAD\">\u201cNosotros vamos a encargarnos de que los usuarios de la carretera tengan la informaci\u00f3n puntual para que tomen sus precauciones, mientras que ustedes nos ayudan a verificar la calidad de la obra y que se cumplan los t\u00e9rminos y tiempos pactados\u201d, detall\u00f3.<\/span><\/p>\n<p class=\"x_MsoNormal\"><span lang=\"ES-TRAD\">Por parte del sector empresarial, el representante de Agregados y Bloques del Carmen, S.A de C.V., Eduardo Humberto Sol\u00eds Azarcoya, subray\u00f3 que participar en este proyecto \u201ces un honor, ya que lo que se busca es el beneficio de la comunidad\u201d.<\/span><\/p>\n<p class=\"x_MsoNormal\"><span lang=\"ES-TRAD\">En el evento estuvieron presentes los regidores Gustavo Maldonado Salda\u00f1a, C\u00e9sar Navarro Medina y Perla Rocha Torres, y el Director General de Infraestructura, Desarrollo Urbano y Medio Ambiente, William Conrado Alarc\u00f3n, as\u00ed como representantes de las empresas colaboradoras: Hotel Princess, Hotel Ocean Riviera Maya, Hotel Grand Velas, Hotel Blue Diamond, ABC, RICASA, CEMEX Y TINCOL.<\/span><\/p>\n<p class=\"x_MsoNormal\"><span lang=\"ES-TRAD\">Asimismo, Hotel Ocean Maya Royale; Residencial El Cielo; Condominio Selvamar; Hotel Blue Bay Grand Esmeralda; Tres R\u00edos\/ Tres R\u00edos Nature Park; Mayakoba; Azul Five by Karisma; Hotel Petit Lafitte; Fraccionamiento La Guadalupana, Playa Azul y el Encuentro; tambi\u00e9n las empresas Atur; San Andr\u00e9s; Predio El Manguito y Concreto Gorsa.<\/span><\/p>\n<div class='share-to-whatsapp-wrapper'><div class='share-on-whsp'>Share on: <\/div><a data-text='COORDINAN ESFUERZOS SOLIDARIDAD Y EMPRESARIADO PARA MEJORAR LA CARRETERA FEDERAL' data-link='https:\/\/visionpeninsular.com\/mid\/coordinan-esfuerzos-solidaridad-empresariado-mejorar-la-carretera-federal\/' class='whatsapp-button whatsapp-share'>WhatsApp<\/a><div class='clear '><\/div><\/div>","protected":false},"excerpt":{"rendered":"<p>El Gobierno de Solidaridad, encabezado por la Presidenta Municipal, Cristina Torres G\u00f3mez, firm\u00f3 un convenio de colaboraci\u00f3n con la iniciativa privada y la Secretar\u00eda de Comunicaciones y Transportes (SCT) a trav\u00e9s del cual se invertir\u00e1n m\u00e1s de 12.3 millones de pesos para mejorar la carretera federal 5.5 kil\u00f3metros de la carretera federal en su parte &hellip;<\/p>\n","protected":false},"author":1,"featured_media":33549,"comment_status":"open","ping_status":"open","sticky":false,"template":"","format":"standard","meta":{"_mi_skip_tracking":false},"categories":[48],"tags":[9193],"_links":{"self":[{"href":"https:\/\/visionpeninsular.com\/mid\/wp-json\/wp\/v2\/posts\/33548"}],"collection":[{"href":"https:\/\/visionpeninsular.com\/mid\/wp-json\/wp\/v2\/posts"}],"about":[{"href":"https:\/\/visionpeninsular.com\/mid\/wp-json\/wp\/v2\/types\/post"}],"author":[{"embeddable":true,"href":"https:\/\/visionpeninsular.com\/mid\/wp-json\/wp\/v2\/users\/1"}],"replies":[{"embeddable":true,"href":"https:\/\/visionpeninsular.com\/mid\/wp-json\/wp\/v2\/comments?post=33548"}],"version-history":[{"count":1,"href":"https:\/\/visionpeninsular.com\/mid\/wp-json\/wp\/v2\/posts\/33548\/revisions"}],"predecessor-version":[{"id":33550,"href":"https:\/\/visionpeninsular.com\/mid\/wp-json\/wp\/v2\/posts\/33548\/revisions\/33550"}],"wp:featuredmedia":[{"embeddable":true,"href":"https:\/\/visionpeninsular.com\/mid\/wp-json\/wp\/v2\/media\/33549"}],"wp:attachment":[{"href":"https:\/\/visionpeninsular.com\/mid\/wp-json\/wp\/v2\/media?parent=33548"}],"wp:term":[{"taxonomy":"category","embeddable":true,"href":"https:\/\/visionpeninsular.com\/mid\/wp-json\/wp\/v2\/categories?post=33548"},{"taxonomy":"post_tag","embeddable":true,"href":"https:\/\/visionpeninsular.com\/mid\/wp-json\/wp\/v2\/tags?post=33548"}],"curies":[{"name":"wp","href":"https:\/\/api.w.org\/{rel}","templated":true}]}}