{"id":33496,"date":"2017-11-27T11:54:17","date_gmt":"2017-11-27T17:54:17","guid":{"rendered":"http:\/\/visionpeninsular.com\/mid\/?p=33496"},"modified":"2017-11-27T11:54:17","modified_gmt":"2017-11-27T17:54:17","slug":"empresarios-avalan-la-agencia-desarrollo-yucatan","status":"publish","type":"post","link":"https:\/\/visionpeninsular.com\/mid\/empresarios-avalan-la-agencia-desarrollo-yucatan\/","title":{"rendered":"Empresarios avalan  la  Agencia para el Desarrollo de Yucat\u00e1n"},"content":{"rendered":"<p>El presidente de la C\u00e1mara de Comercio de M\u00e9rida, Juan Jos\u00e9 Abraham D\u00e1guer, se\u00f1al\u00f3 como muy importante la creaci\u00f3n de la Agencia para el Desarrollo de Yucat\u00e1n, ya que permitir\u00e1 que tanto el sector p\u00fablico como el empresarial lleven conjuntamente una agenda econ\u00f3mica, cuyo decreto para su creaci\u00f3n fue emitido el pasado viernes por el Gobierno del Estado, instancia que trabajar\u00e1 para continuar y garantizar el desarrollo econ\u00f3mico del estado, y entrar\u00e1 en vigor el 1 de enero de 2018.<\/p>\n<p>El decreto 549\/2017 fue publicado el viernes 24 de noviembre en el Diario Oficial de Yucat\u00e1n, justifica que estas figuras empresariales del Estado son una \u201ctendencia novedosa\u201d y con resultados favorables.<\/p>\n<p>Abraham D\u00e1guer dijo no conocer m\u00e1s de lo que se public\u00f3 en medios y en el Diario Oficial, pero se\u00f1al\u00f3 como muy importantes \u00a0este tipo de agencias, \u00a0sobre todo para poder organizar el quehacer de gobierno con el empresariado, ya que el desarrollo econ\u00f3mico requiere un enfoque a largo plazo y la conjunci\u00f3n de todos los sectores.<\/p>\n<p>\u201cEntiendo que diferentes instancias de gobierno conformar\u00e1n este organismo, as\u00ed como deber\u00e1n formar parte tambi\u00e9n organismos del sector privado. En este sentido esperamos que la C\u00e1mara de Comercio forme parte de esta agencia y que podamos aportar\u201d, coment\u00f3 y agreg\u00f3\u00a0 que la agencia en cuesti\u00f3n ayudar\u00e1 a que se pueda dise\u00f1ar tambi\u00e9n de manera adecuada una pol\u00edtica de incentivos y desarrollo de las empresas y con ello poder detonar las capacidades que tiene Yucat\u00e1n.<\/p>\n<p>\u201cDeseamos que sea un organismo en el que el trabajo sea real y que se le d\u00e9 la importancia que merece. Que se tengan sesiones de trabajo importantes con los diferentes sectores para llegar a objetivos concretos y poder tener una agenda econ\u00f3mica que detone temas relevantes para el sector\u201d, destac\u00f3.<\/p>\n<p>Dijo que en este tipo de organismos siempre son presididos por el Gobernador del Estado o por alguien que \u00e9l designe; en este sentido expres\u00f3 que podr\u00eda ser el mismo titular de la Secretar\u00eda de Fomento Econ\u00f3mico, pues no valdr\u00eda la pena crear otro puesto de trabajo porque se duplicar\u00edan funciones.<\/p>\n<p>Entre las justificaciones para crear esta instancia estatal se enfatiza que Yucat\u00e1n tiene una posici\u00f3n geogr\u00e1fica privilegiada y el fomento y promoci\u00f3n del desarrollo econ\u00f3mico constituyen una atribuci\u00f3n concurrente de los tres \u00f3rdenes de gobierno para combatir la pobreza y la marginaci\u00f3n para lograr la disminuci\u00f3n de la dependencia de la poblaci\u00f3n hacia los programas asistenciales.<\/p>\n<p>&nbsp;<\/p>\n<p>&nbsp;<\/p>\n<p>&nbsp;<\/p>\n<p>&nbsp;<\/p>\n<div class='share-to-whatsapp-wrapper'><div class='share-on-whsp'>Share on: <\/div><a data-text='Empresarios avalan  la  Agencia para el Desarrollo de Yucat\u00e1n' data-link='https:\/\/visionpeninsular.com\/mid\/empresarios-avalan-la-agencia-desarrollo-yucatan\/' class='whatsapp-button whatsapp-share'>WhatsApp<\/a><div class='clear '><\/div><\/div>","protected":false},"excerpt":{"rendered":"<p>El presidente de la C\u00e1mara de Comercio de M\u00e9rida, Juan Jos\u00e9 Abraham D\u00e1guer, se\u00f1al\u00f3 como muy importante la creaci\u00f3n de la Agencia para el Desarrollo de Yucat\u00e1n, ya que permitir\u00e1 que tanto el sector p\u00fablico como el empresarial lleven conjuntamente una agenda econ\u00f3mica, cuyo decreto para su creaci\u00f3n fue emitido el pasado viernes por el &hellip;<\/p>\n","protected":false},"author":5,"featured_media":33497,"comment_status":"open","ping_status":"open","sticky":false,"template":"","format":"standard","meta":{"_mi_skip_tracking":false},"categories":[50,37],"tags":[9176,9177,231],"_links":{"self":[{"href":"https:\/\/visionpeninsular.com\/mid\/wp-json\/wp\/v2\/posts\/33496"}],"collection":[{"href":"https:\/\/visionpeninsular.com\/mid\/wp-json\/wp\/v2\/posts"}],"about":[{"href":"https:\/\/visionpeninsular.com\/mid\/wp-json\/wp\/v2\/types\/post"}],"author":[{"embeddable":true,"href":"https:\/\/visionpeninsular.com\/mid\/wp-json\/wp\/v2\/users\/5"}],"replies":[{"embeddable":true,"href":"https:\/\/visionpeninsular.com\/mid\/wp-json\/wp\/v2\/comments?post=33496"}],"version-history":[{"count":1,"href":"https:\/\/visionpeninsular.com\/mid\/wp-json\/wp\/v2\/posts\/33496\/revisions"}],"predecessor-version":[{"id":33498,"href":"https:\/\/visionpeninsular.com\/mid\/wp-json\/wp\/v2\/posts\/33496\/revisions\/33498"}],"wp:featuredmedia":[{"embeddable":true,"href":"https:\/\/visionpeninsular.com\/mid\/wp-json\/wp\/v2\/media\/33497"}],"wp:attachment":[{"href":"https:\/\/visionpeninsular.com\/mid\/wp-json\/wp\/v2\/media?parent=33496"}],"wp:term":[{"taxonomy":"category","embeddable":true,"href":"https:\/\/visionpeninsular.com\/mid\/wp-json\/wp\/v2\/categories?post=33496"},{"taxonomy":"post_tag","embeddable":true,"href":"https:\/\/visionpeninsular.com\/mid\/wp-json\/wp\/v2\/tags?post=33496"}],"curies":[{"name":"wp","href":"https:\/\/api.w.org\/{rel}","templated":true}]}}