{"id":33084,"date":"2017-11-17T06:25:32","date_gmt":"2017-11-17T12:25:32","guid":{"rendered":"http:\/\/visionpeninsular.com\/mid\/?p=33084"},"modified":"2017-11-17T06:26:12","modified_gmt":"2017-11-17T12:26:12","slug":"operativo-profeco-buen-fin","status":"publish","type":"post","link":"https:\/\/visionpeninsular.com\/mid\/operativo-profeco-buen-fin\/","title":{"rendered":"Inicia la PROFECO operativo durante el Buen F\u00edn en Canc\u00fan"},"content":{"rendered":"<p>La Delegaci\u00f3n Quintana Roo de la Procuradur\u00eda Federal del Consumidor (Profeco) inici\u00f3 un operativo especial con motivo del buen fin a partir de la madrugada de este viernes.<\/p>\n<p>El equipo del la Profeco acudi\u00f3 en punto de las 00:01 horas a centros comerciales ubicados en el centro de la ciudad de Canc\u00fan para vigilar y proteger los derechos de las y los consumidores en esta edici\u00f3n del Buen Fin.<\/p>\n<p>Cabe destacar que lo mas demandado por los cancunenses son las pantallas, lunes blanca, ropa, etc.<\/p>\n<div class='share-to-whatsapp-wrapper'><div class='share-on-whsp'>Share on: <\/div><a data-text='Inicia la PROFECO operativo durante el Buen F\u00edn en Canc\u00fan' data-link='https:\/\/visionpeninsular.com\/mid\/operativo-profeco-buen-fin\/' class='whatsapp-button whatsapp-share'>WhatsApp<\/a><div class='clear '><\/div><\/div>","protected":false},"excerpt":{"rendered":"<p>La Delegaci\u00f3n Quintana Roo de la Procuradur\u00eda Federal del Consumidor (Profeco) inici\u00f3 un operativo especial con motivo del buen fin a partir de la madrugada de este viernes. El equipo del la Profeco acudi\u00f3 en punto de las 00:01 horas a centros comerciales ubicados en el centro de la ciudad de Canc\u00fan para vigilar y &hellip;<\/p>\n","protected":false},"author":1,"featured_media":33085,"comment_status":"open","ping_status":"open","sticky":false,"template":"","format":"standard","meta":{"_mi_skip_tracking":false},"categories":[48],"tags":[2743],"_links":{"self":[{"href":"https:\/\/visionpeninsular.com\/mid\/wp-json\/wp\/v2\/posts\/33084"}],"collection":[{"href":"https:\/\/visionpeninsular.com\/mid\/wp-json\/wp\/v2\/posts"}],"about":[{"href":"https:\/\/visionpeninsular.com\/mid\/wp-json\/wp\/v2\/types\/post"}],"author":[{"embeddable":true,"href":"https:\/\/visionpeninsular.com\/mid\/wp-json\/wp\/v2\/users\/1"}],"replies":[{"embeddable":true,"href":"https:\/\/visionpeninsular.com\/mid\/wp-json\/wp\/v2\/comments?post=33084"}],"version-history":[{"count":2,"href":"https:\/\/visionpeninsular.com\/mid\/wp-json\/wp\/v2\/posts\/33084\/revisions"}],"predecessor-version":[{"id":33087,"href":"https:\/\/visionpeninsular.com\/mid\/wp-json\/wp\/v2\/posts\/33084\/revisions\/33087"}],"wp:featuredmedia":[{"embeddable":true,"href":"https:\/\/visionpeninsular.com\/mid\/wp-json\/wp\/v2\/media\/33085"}],"wp:attachment":[{"href":"https:\/\/visionpeninsular.com\/mid\/wp-json\/wp\/v2\/media?parent=33084"}],"wp:term":[{"taxonomy":"category","embeddable":true,"href":"https:\/\/visionpeninsular.com\/mid\/wp-json\/wp\/v2\/categories?post=33084"},{"taxonomy":"post_tag","embeddable":true,"href":"https:\/\/visionpeninsular.com\/mid\/wp-json\/wp\/v2\/tags?post=33084"}],"curies":[{"name":"wp","href":"https:\/\/api.w.org\/{rel}","templated":true}]}}