{"id":33058,"date":"2017-11-16T14:14:28","date_gmt":"2017-11-16T20:14:28","guid":{"rendered":"http:\/\/visionpeninsular.com\/mid\/?p=33058"},"modified":"2017-11-16T14:15:38","modified_gmt":"2017-11-16T20:15:38","slug":"la-actriz-egle-mendiburu-elegida-recibir-la-medalla-yucatan-2017","status":"publish","type":"post","link":"https:\/\/visionpeninsular.com\/mid\/la-actriz-egle-mendiburu-elegida-recibir-la-medalla-yucatan-2017\/","title":{"rendered":"La actriz Egl\u00e9 Mendiburu, elegida para recibir la  Medalla Yucat\u00e1n 2017,"},"content":{"rendered":"<p>Como un reconocimiento a su larga trayectoria de m\u00e1s de 50 a\u00f1os como actriz, docente y formadora de generaciones de teatristas y promotora del teatro yucateco, la maestra Acacia Egl\u00e9 Mendiburu Carrillo fue la elegida para recibir la Medalla Yucat\u00e1n 2017, el pr\u00f3ximo d\u00eda 21 de noviembre.<\/p>\n<p>En una rueda de prensa, la presidenta del jurado calificador, Effy Luz V\u00e1zquez, ley\u00f3 el laudo que se\u00f1ala a Egl\u00e9 Mendiburu como la acreedora de esta presea y de un premio en efectivo de 25 mil pesos.<\/p>\n<p>La maestra Effy Luz, a quien acompa\u00f1aba el Secretario de la Cultura y las Artes, Roger Metri Duarte, y \u00a0Luis Alberto Rivas Polanco, tambi\u00e9n integrante del jurado, \u00a0expuso que la decisi\u00f3n fue un\u00e1nime para la entrega de la Medalla Yucat\u00e1n 2017.<\/p>\n<p>\u201cComo reconocimiento a sus destacad\u00edsima trayectoria en los escenarios, por una vida dedicada al teatro, con 50 a\u00f1os como actriz y docente del arte teatral, formadora de generaciones de teatristas y promotora del teatro yucateco y regional\u201d, seg\u00fan el laudo le\u00eddo.<\/p>\n<p>Asegur\u00f3 que \u00a0\u201cella (Mendiburu Carrillo), naci\u00f3 para el teatro. Estudi\u00f3 la Normal y creo que le falt\u00f3 un a\u00f1o cuando supo que se dedicar\u00eda al teatro y entonces decidi\u00f3 irse a estudiar a la UNAM, y ya con su formaci\u00f3n se dedic\u00f3 a impartir clases en Bellas Ates y participar en cuanto movimiento teatral hubo y tambi\u00e9n es un gran ser humano\u201d.<\/p>\n<p>Metri Duarte, despu\u00e9s de la lectura del laudo, \u00a0se comunic\u00f3 con la ganadora de la Medalla Yucat\u00e1n 2017, a quien se le notific\u00f3 de este reconocimiento, el cual agradeci\u00f3 y dijo que es un gran honor la distinci\u00f3n. La maestra Acacia Egl\u00e9 Mendiburu Carrillo tiene 80 a\u00f1os de edad.<\/p>\n<p>Rivas Polanco dijo que, en esta ocasi\u00f3n, se recibieron 6 propuestas y que la tarea de decidir fue muy dif\u00edcil, \u201cpues todos se la merec\u00edan. Todos ten\u00edan un sustento y justificaci\u00f3n enorme\u201d, \u00a0pero el jurado decidi\u00f3 que fuera la maestra Mendiburu Carrillo por medio siglo de carrera dedicada al teatro y a la formaci\u00f3n de nuevas generaciones en esta disciplina.<\/p>\n<p>La maestra Effy Luz consider\u00f3 que se trat\u00f3 de un laudo justo y merecido para alguien que ha dado su vida al teatro.<\/p>\n<p>La ceremonia de entrega de la medalla se llevar\u00e1 a cabo el pr\u00f3ximo 21 de noviembre, a las 8 de la noche, en la Sala Mayamax del Gran Museo del Mundo Maya.<\/p>\n<p>El jurado calificador estuvo integrado por Effy Luz V\u00e1zquez L\u00f3pez, Eugenia Guadalupe Ponce Espejo, Luis Alberto Rivas Polanco, Rold\u00e1n Peniche Barrera y Jorge Luis Canch\u00e9 Escamilla.<\/p>\n<p>&nbsp;<\/p>\n<div class='share-to-whatsapp-wrapper'><div class='share-on-whsp'>Share on: <\/div><a data-text='La actriz Egl\u00e9 Mendiburu, elegida para recibir la  Medalla Yucat\u00e1n 2017,' data-link='https:\/\/visionpeninsular.com\/mid\/la-actriz-egle-mendiburu-elegida-recibir-la-medalla-yucatan-2017\/' class='whatsapp-button whatsapp-share'>WhatsApp<\/a><div class='clear '><\/div><\/div>","protected":false},"excerpt":{"rendered":"<p>Como un reconocimiento a su larga trayectoria de m\u00e1s de 50 a\u00f1os como actriz, docente y formadora de generaciones de teatristas y promotora del teatro yucateco, la maestra Acacia Egl\u00e9 Mendiburu Carrillo fue la elegida para recibir la Medalla Yucat\u00e1n 2017, el pr\u00f3ximo d\u00eda 21 de noviembre. En una rueda de prensa, la presidenta del &hellip;<\/p>\n","protected":false},"author":5,"featured_media":33059,"comment_status":"open","ping_status":"open","sticky":false,"template":"","format":"standard","meta":{"_mi_skip_tracking":false},"categories":[50,37],"tags":[9049,9048,1557],"_links":{"self":[{"href":"https:\/\/visionpeninsular.com\/mid\/wp-json\/wp\/v2\/posts\/33058"}],"collection":[{"href":"https:\/\/visionpeninsular.com\/mid\/wp-json\/wp\/v2\/posts"}],"about":[{"href":"https:\/\/visionpeninsular.com\/mid\/wp-json\/wp\/v2\/types\/post"}],"author":[{"embeddable":true,"href":"https:\/\/visionpeninsular.com\/mid\/wp-json\/wp\/v2\/users\/5"}],"replies":[{"embeddable":true,"href":"https:\/\/visionpeninsular.com\/mid\/wp-json\/wp\/v2\/comments?post=33058"}],"version-history":[{"count":2,"href":"https:\/\/visionpeninsular.com\/mid\/wp-json\/wp\/v2\/posts\/33058\/revisions"}],"predecessor-version":[{"id":33061,"href":"https:\/\/visionpeninsular.com\/mid\/wp-json\/wp\/v2\/posts\/33058\/revisions\/33061"}],"wp:featuredmedia":[{"embeddable":true,"href":"https:\/\/visionpeninsular.com\/mid\/wp-json\/wp\/v2\/media\/33059"}],"wp:attachment":[{"href":"https:\/\/visionpeninsular.com\/mid\/wp-json\/wp\/v2\/media?parent=33058"}],"wp:term":[{"taxonomy":"category","embeddable":true,"href":"https:\/\/visionpeninsular.com\/mid\/wp-json\/wp\/v2\/categories?post=33058"},{"taxonomy":"post_tag","embeddable":true,"href":"https:\/\/visionpeninsular.com\/mid\/wp-json\/wp\/v2\/tags?post=33058"}],"curies":[{"name":"wp","href":"https:\/\/api.w.org\/{rel}","templated":true}]}}