{"id":32673,"date":"2017-11-07T13:57:50","date_gmt":"2017-11-07T19:57:50","guid":{"rendered":"http:\/\/visionpeninsular.com\/mid\/?p=32673"},"modified":"2017-11-07T13:57:50","modified_gmt":"2017-11-07T19:57:50","slug":"actividades-culturales-academicas-38o-aniversario-del-cicy","status":"publish","type":"post","link":"https:\/\/visionpeninsular.com\/mid\/actividades-culturales-academicas-38o-aniversario-del-cicy\/","title":{"rendered":"Actividades culturales y acad\u00e9micas por 38\u00ba. Aniversario del CICY"},"content":{"rendered":"<p>El Centro de Investigaci\u00f3n Cient\u00edfica de Yucat\u00e1n (CICY), festejar\u00e1 el 38\u00ba. Aniversario de su fundaci\u00f3n con diversas actividades acad\u00e9micas y culturales que se llevar\u00e1n a cabo del pr\u00f3ximo jueves 9 de noviembre al 8 de diciembre.<\/p>\n<p>La maestra Mar\u00eda Antonieta Sald\u00edvar Ch\u00e1vez, directora de planeaci\u00f3n y gesti\u00f3n del mencionado centro, a quien acompa\u00f1aron los ingenieros Ofir del Carmen Pav\u00f3n Navarro, jefa de biblioteca y Leonardo Gus Peltinovich, jefe del departamento de instrumentaci\u00f3n, fue la encargada de dar a conocer el programa de actividades<\/p>\n<p>El pr\u00f3ximo jueves 9 de noviembre, dar\u00e1n inicio las celebraciones con una charla dedicada a la escritora Elena Garro, y concluir\u00e1n el 8 de diciembre con el concierto \u201cJazz en sax\u201c. En ese lapso se llevar\u00e1n al cabo un coloquio de cine y literatura con motivo del aniversario del Cine foro CICY (viernes 10), la conferencia acad\u00e9mica \u201cLa pol\u00edtica cient\u00edfica en Am\u00e9rica Latina, perspectivas y desaf\u00edos. Los retos de la agenda CTI en M\u00e9xico\u201d, un seminario de filosof\u00eda, un encuentro sobre ciencia y tecnolog\u00eda e innovaci\u00f3n y un taller de c\u00f3mputo de alto rendimiento.<\/p>\n<p>&nbsp;<\/p>\n<p>&nbsp;<\/p>\n<p>&nbsp;<\/p>\n<div class='share-to-whatsapp-wrapper'><div class='share-on-whsp'>Share on: <\/div><a data-text='Actividades culturales y acad\u00e9micas por 38\u00ba. Aniversario del CICY' data-link='https:\/\/visionpeninsular.com\/mid\/actividades-culturales-academicas-38o-aniversario-del-cicy\/' class='whatsapp-button whatsapp-share'>WhatsApp<\/a><div class='clear '><\/div><\/div>","protected":false},"excerpt":{"rendered":"<p>El Centro de Investigaci\u00f3n Cient\u00edfica de Yucat\u00e1n (CICY), festejar\u00e1 el 38\u00ba. Aniversario de su fundaci\u00f3n con diversas actividades acad\u00e9micas y culturales que se llevar\u00e1n a cabo del pr\u00f3ximo jueves 9 de noviembre al 8 de diciembre. La maestra Mar\u00eda Antonieta Sald\u00edvar Ch\u00e1vez, directora de planeaci\u00f3n y gesti\u00f3n del mencionado centro, a quien acompa\u00f1aron los ingenieros &hellip;<\/p>\n","protected":false},"author":5,"featured_media":32674,"comment_status":"open","ping_status":"open","sticky":false,"template":"","format":"standard","meta":{"_mi_skip_tracking":false},"categories":[50,37],"tags":[8921,131,913,865,4814],"_links":{"self":[{"href":"https:\/\/visionpeninsular.com\/mid\/wp-json\/wp\/v2\/posts\/32673"}],"collection":[{"href":"https:\/\/visionpeninsular.com\/mid\/wp-json\/wp\/v2\/posts"}],"about":[{"href":"https:\/\/visionpeninsular.com\/mid\/wp-json\/wp\/v2\/types\/post"}],"author":[{"embeddable":true,"href":"https:\/\/visionpeninsular.com\/mid\/wp-json\/wp\/v2\/users\/5"}],"replies":[{"embeddable":true,"href":"https:\/\/visionpeninsular.com\/mid\/wp-json\/wp\/v2\/comments?post=32673"}],"version-history":[{"count":1,"href":"https:\/\/visionpeninsular.com\/mid\/wp-json\/wp\/v2\/posts\/32673\/revisions"}],"predecessor-version":[{"id":32675,"href":"https:\/\/visionpeninsular.com\/mid\/wp-json\/wp\/v2\/posts\/32673\/revisions\/32675"}],"wp:featuredmedia":[{"embeddable":true,"href":"https:\/\/visionpeninsular.com\/mid\/wp-json\/wp\/v2\/media\/32674"}],"wp:attachment":[{"href":"https:\/\/visionpeninsular.com\/mid\/wp-json\/wp\/v2\/media?parent=32673"}],"wp:term":[{"taxonomy":"category","embeddable":true,"href":"https:\/\/visionpeninsular.com\/mid\/wp-json\/wp\/v2\/categories?post=32673"},{"taxonomy":"post_tag","embeddable":true,"href":"https:\/\/visionpeninsular.com\/mid\/wp-json\/wp\/v2\/tags?post=32673"}],"curies":[{"name":"wp","href":"https:\/\/api.w.org\/{rel}","templated":true}]}}