{"id":32542,"date":"2017-11-04T08:39:17","date_gmt":"2017-11-04T14:39:17","guid":{"rendered":"http:\/\/visionpeninsular.com\/mid\/?p=32542"},"modified":"2017-11-04T08:39:17","modified_gmt":"2017-11-04T14:39:17","slug":"protesta-martillos-en-campeche-escarcega-llamado-a-la-violencia","status":"publish","type":"post","link":"https:\/\/visionpeninsular.com\/mid\/protesta-martillos-en-campeche-escarcega-llamado-a-la-violencia\/","title":{"rendered":"Protesta de Martillos en Campeche y Esc\u00e1rcega, llamado a la violencia"},"content":{"rendered":"<p>La protesta organizada por taxistas martillos de los Municipios de Campeche y Esc\u00e1rcega no fue pac\u00edfica, fue un llamado a la violencia, consider\u00f3 el director del Instituto Estatal del Transporte, Candelario Salom\u00f3n Cruz, quien responsabiliza de lo ocurrido a Danilo Echeverr\u00eda Pereyra, l\u00edder de los disidentes.<\/p>\n<p>El funcionario estatal alega que fue una franca provocaci\u00f3n hacia su persona, en la que se intent\u00f3 agredirlo.<br \/>\n\u201cQuisieron entrar a golpearme, pero no lo pudieron hacer porque le puse seguro a mi puerta, sin lugar a dudas iban sobre una agresi\u00f3n, no a una protesta\u201d, expuso.<\/p>\n<p>Se\u00f1al\u00f3 que el conflicto con Echeverr\u00eda Pereyra es porque no le ha permitido continuar con su negocio de renta y subrenta de placas, que est\u00e1 prohibido por el Instituto Estatal del Transporte.<\/p>\n<p>\u201cCon ellas mismas hacia fraude a las personas, se levantaron varias acusaciones. Ante la insistencia se tuvo que aplicar la ley y recoger las placas para evitar las negociaciones que hab\u00eda en el transporte p\u00fablico\u201d, expuso Salom\u00f3n Cruz.<\/p>\n<p>Dijo que ha recibido amenazas por parte del l\u00edder de los martillos, \u201ctampoco nos podemos confiar en una persona que sabemos que sus antecedentes personales no son muy buenos; habla de que soy una mala persona, pero mi obligaci\u00f3n es cumplir con la ley\u201d.<\/p>\n<p>\u201cCualquier amenaza hay que tomarla en consideraci\u00f3n, sabiendo que quienes asesoran a esta persona no viven del transporte p\u00fablico, sino de otras cuestiones que se deben investigar a fondo\u201d, a\u00f1adi\u00f3.<\/p>\n<p>Salom\u00f3n Cruz asegur\u00f3 que el Sindicato de Martillos no tiene registro, y que quienes lo integran tampoco son taxistas.<\/p>\n<p>\u201cDicen que fue una marcha pac\u00edfica, pero son personas que se han sentado a mi mesa, muerden la mano a quien le da de comer, no esperaba este tipo de conducta, la magnitud de lo que tra\u00edan en mente\u201d, expres\u00f3 sobre el conflicto.<\/p>\n<div class='share-to-whatsapp-wrapper'><div class='share-on-whsp'>Share on: <\/div><a data-text='Protesta de Martillos en Campeche y Esc\u00e1rcega, llamado a la violencia' data-link='https:\/\/visionpeninsular.com\/mid\/protesta-martillos-en-campeche-escarcega-llamado-a-la-violencia\/' class='whatsapp-button whatsapp-share'>WhatsApp<\/a><div class='clear '><\/div><\/div>","protected":false},"excerpt":{"rendered":"<p>La protesta organizada por taxistas martillos de los Municipios de Campeche y Esc\u00e1rcega no fue pac\u00edfica, fue un llamado a la violencia, consider\u00f3 el director del Instituto Estatal del Transporte, Candelario Salom\u00f3n Cruz, quien responsabiliza de lo ocurrido a Danilo Echeverr\u00eda Pereyra, l\u00edder de los disidentes. El funcionario estatal alega que fue una franca provocaci\u00f3n &hellip;<\/p>\n","protected":false},"author":1,"featured_media":32543,"comment_status":"open","ping_status":"open","sticky":false,"template":"","format":"standard","meta":{"_mi_skip_tracking":false},"categories":[46],"tags":[8872],"_links":{"self":[{"href":"https:\/\/visionpeninsular.com\/mid\/wp-json\/wp\/v2\/posts\/32542"}],"collection":[{"href":"https:\/\/visionpeninsular.com\/mid\/wp-json\/wp\/v2\/posts"}],"about":[{"href":"https:\/\/visionpeninsular.com\/mid\/wp-json\/wp\/v2\/types\/post"}],"author":[{"embeddable":true,"href":"https:\/\/visionpeninsular.com\/mid\/wp-json\/wp\/v2\/users\/1"}],"replies":[{"embeddable":true,"href":"https:\/\/visionpeninsular.com\/mid\/wp-json\/wp\/v2\/comments?post=32542"}],"version-history":[{"count":1,"href":"https:\/\/visionpeninsular.com\/mid\/wp-json\/wp\/v2\/posts\/32542\/revisions"}],"predecessor-version":[{"id":32544,"href":"https:\/\/visionpeninsular.com\/mid\/wp-json\/wp\/v2\/posts\/32542\/revisions\/32544"}],"wp:featuredmedia":[{"embeddable":true,"href":"https:\/\/visionpeninsular.com\/mid\/wp-json\/wp\/v2\/media\/32543"}],"wp:attachment":[{"href":"https:\/\/visionpeninsular.com\/mid\/wp-json\/wp\/v2\/media?parent=32542"}],"wp:term":[{"taxonomy":"category","embeddable":true,"href":"https:\/\/visionpeninsular.com\/mid\/wp-json\/wp\/v2\/categories?post=32542"},{"taxonomy":"post_tag","embeddable":true,"href":"https:\/\/visionpeninsular.com\/mid\/wp-json\/wp\/v2\/tags?post=32542"}],"curies":[{"name":"wp","href":"https:\/\/api.w.org\/{rel}","templated":true}]}}