{"id":32089,"date":"2017-10-25T08:14:39","date_gmt":"2017-10-25T13:14:39","guid":{"rendered":"http:\/\/visionpeninsular.com\/mid\/?p=32089"},"modified":"2017-10-25T08:14:39","modified_gmt":"2017-10-25T13:14:39","slug":"continuan-restituyendo-predios-despojados-en-tulum","status":"publish","type":"post","link":"https:\/\/visionpeninsular.com\/mid\/continuan-restituyendo-predios-despojados-en-tulum\/","title":{"rendered":"Continuan restituyendo predios despojados en tulum"},"content":{"rendered":"<p>El Gobierno restituy\u00f3 hoy, en estricto apego a la legalidad, otro predio del que sus leg\u00edtimos due\u00f1os fueron despojados en Tulum durante el anterior sexenio mediante juicios ap\u00f3crifos.<\/p>\n<p>Durante la diligencia efectuada, se restableci\u00f3 la posesi\u00f3n del inmueble identificado como Caba\u00f1as Ixchel a su legitimo propietario, \u201cNuevo Centro de Poblaci\u00f3n Ejidal Jos\u00e9 Mar\u00eda Pino Su\u00e1rez, del municipio de Tulum, Quintana Roo.<\/p>\n<p>Fue a las once de la ma\u00f1ana de este d\u00eda cuando\u00a0el presidente de la Junta Especial de Conciliaci\u00f3n y Arbitraje con sede en Playa del Carmen, el Actuario, miembros de Comisariado, el subsecretario de Promoci\u00f3n Tur\u00edstica, as\u00ed como elementos de la Polic\u00eda Estatal, acudieron al predio, ocup\u00e1ndolo hasta ese momento la empresa denominada Rosa del Viento.<\/p>\n<p>Al ingresar al predio fueron recibidos por el gerente del lugar mencionado, al cual se le explic\u00f3 el motivo de la presencia de las personas que acudieron a realizar la diligencia por instrucciones del Juzgado Federal para restituirle la posesi\u00f3n a los quejosos.<\/p>\n<p>De esta manera el gerente del lugar lo \u00fanico que hizo fue pedir tiempo para poder mover a sus hu\u00e9spedes a otras habitaciones.<\/p>\n<p>Ante esta petici\u00f3n las autoridades concedieron el tiempo y brindaron apoyo para poder reubicar a los hu\u00e9spedes en un trabajo coordinado las dependencias del Gobierno Estatal participantes.<\/p>\n<p>La diligencia tuvo una duraci\u00f3n aproximada de tres horas y se llev\u00f3 a cabo de manera coordinada, pac\u00edfica y sin afectaciones; con lo que qued\u00f3 restituida esta propiedad a sus leg\u00edtimos propietarios.<\/p>\n<div class='share-to-whatsapp-wrapper'><div class='share-on-whsp'>Share on: <\/div><a data-text='Continuan restituyendo predios despojados en tulum' data-link='https:\/\/visionpeninsular.com\/mid\/continuan-restituyendo-predios-despojados-en-tulum\/' class='whatsapp-button whatsapp-share'>WhatsApp<\/a><div class='clear '><\/div><\/div>","protected":false},"excerpt":{"rendered":"<p>El Gobierno restituy\u00f3 hoy, en estricto apego a la legalidad, otro predio del que sus leg\u00edtimos due\u00f1os fueron despojados en Tulum durante el anterior sexenio mediante juicios ap\u00f3crifos. Durante la diligencia efectuada, se restableci\u00f3 la posesi\u00f3n del inmueble identificado como Caba\u00f1as Ixchel a su legitimo propietario, \u201cNuevo Centro de Poblaci\u00f3n Ejidal Jos\u00e9 Mar\u00eda Pino Su\u00e1rez, &hellip;<\/p>\n","protected":false},"author":1,"featured_media":32090,"comment_status":"open","ping_status":"open","sticky":false,"template":"","format":"standard","meta":{"_mi_skip_tracking":false},"categories":[48],"tags":[8738,711],"_links":{"self":[{"href":"https:\/\/visionpeninsular.com\/mid\/wp-json\/wp\/v2\/posts\/32089"}],"collection":[{"href":"https:\/\/visionpeninsular.com\/mid\/wp-json\/wp\/v2\/posts"}],"about":[{"href":"https:\/\/visionpeninsular.com\/mid\/wp-json\/wp\/v2\/types\/post"}],"author":[{"embeddable":true,"href":"https:\/\/visionpeninsular.com\/mid\/wp-json\/wp\/v2\/users\/1"}],"replies":[{"embeddable":true,"href":"https:\/\/visionpeninsular.com\/mid\/wp-json\/wp\/v2\/comments?post=32089"}],"version-history":[{"count":1,"href":"https:\/\/visionpeninsular.com\/mid\/wp-json\/wp\/v2\/posts\/32089\/revisions"}],"predecessor-version":[{"id":32091,"href":"https:\/\/visionpeninsular.com\/mid\/wp-json\/wp\/v2\/posts\/32089\/revisions\/32091"}],"wp:featuredmedia":[{"embeddable":true,"href":"https:\/\/visionpeninsular.com\/mid\/wp-json\/wp\/v2\/media\/32090"}],"wp:attachment":[{"href":"https:\/\/visionpeninsular.com\/mid\/wp-json\/wp\/v2\/media?parent=32089"}],"wp:term":[{"taxonomy":"category","embeddable":true,"href":"https:\/\/visionpeninsular.com\/mid\/wp-json\/wp\/v2\/categories?post=32089"},{"taxonomy":"post_tag","embeddable":true,"href":"https:\/\/visionpeninsular.com\/mid\/wp-json\/wp\/v2\/tags?post=32089"}],"curies":[{"name":"wp","href":"https:\/\/api.w.org\/{rel}","templated":true}]}}