{"id":31974,"date":"2017-10-21T12:22:48","date_gmt":"2017-10-21T17:22:48","guid":{"rendered":"http:\/\/visionpeninsular.com\/mid\/?p=31974"},"modified":"2017-10-21T12:22:48","modified_gmt":"2017-10-21T17:22:48","slug":"profeco-presente-evitar-anomalias-buen-fin","status":"publish","type":"post","link":"https:\/\/visionpeninsular.com\/mid\/profeco-presente-evitar-anomalias-buen-fin\/","title":{"rendered":"PROFECO presente para evitar anomal\u00edas  durante Buen Fin"},"content":{"rendered":"<p>Jos\u00e9 Antonio Nevares Cervera, \u00a0titular de la Procuradur\u00eda Federal del Consumidor en M\u00e9rida, en el marco de la presentaci\u00f3n del Buen Fin, mismo que se llevar\u00e1 a cabo del pr\u00f3ximo 17 al 20 de noviembre, hizo un llamado a los consumidores a que realicen las quejas correspondientes en caso de encontrar alguna anomal\u00eda con lo prometido y se\u00f1al\u00f3 que su dependencia tendr\u00e1 atenci\u00f3n durante todo el fin de semana, a trav\u00e9s de diversos m\u00f3dulos en la ciudad, y a trav\u00e9s del 01-800.<\/p>\n<p>Nevares Cervera coment\u00f3 que para 2016 se recibieron aproximadamente 25 quejas durante el evento, n\u00famero que fue inferior comparado con el resto del pa\u00eds y atribuy\u00f3 este logro a la relaci\u00f3n que su dependencia ha tenido con la C\u00e1mara de Comercio, para estar al tanto de las promociones que se llevar\u00e1n a cabo.<\/p>\n<p>\u201cCreo que una de las partes claves de las conciliaci\u00f3n como cada a\u00f1o ha sido la relaci\u00f3n con la C\u00e1mara de Comercio,\u00a0 a trav\u00e9s de ella con muchos establecimientos\u00a0 hemos logrado conciliar, o tambi\u00e9n \u00a0esclarecer cuando ha habido errores\u201d, dijo.<\/p>\n<p>A\u00f1adi\u00f3 que durante el Buen Fin no est\u00e1 permitida la leyenda \u201caplican restricciones\u201d, esto con el objetivo de que los comercios sean claros al momento de realizar alguna promoci\u00f3n y\u00a0 agreg\u00f3 que durante el Buen Fin no puede existir ning\u00fan cambio de precio, o re etiquetado, por lo cual, de ser testigos de alguna empresa que realice esta acci\u00f3n, se reitera el exhorto a la denuncia.<\/p>\n<p>&nbsp;<\/p>\n<div class='share-to-whatsapp-wrapper'><div class='share-on-whsp'>Share on: <\/div><a data-text='PROFECO presente para evitar anomal\u00edas  durante Buen Fin' data-link='https:\/\/visionpeninsular.com\/mid\/profeco-presente-evitar-anomalias-buen-fin\/' class='whatsapp-button whatsapp-share'>WhatsApp<\/a><div class='clear '><\/div><\/div>","protected":false},"excerpt":{"rendered":"<p>Jos\u00e9 Antonio Nevares Cervera, \u00a0titular de la Procuradur\u00eda Federal del Consumidor en M\u00e9rida, en el marco de la presentaci\u00f3n del Buen Fin, mismo que se llevar\u00e1 a cabo del pr\u00f3ximo 17 al 20 de noviembre, hizo un llamado a los consumidores a que realicen las quejas correspondientes en caso de encontrar alguna anomal\u00eda con lo &hellip;<\/p>\n","protected":false},"author":5,"featured_media":31975,"comment_status":"open","ping_status":"open","sticky":false,"template":"","format":"standard","meta":{"_mi_skip_tracking":false},"categories":[50,37],"tags":[1545,3366,3584,206,648],"_links":{"self":[{"href":"https:\/\/visionpeninsular.com\/mid\/wp-json\/wp\/v2\/posts\/31974"}],"collection":[{"href":"https:\/\/visionpeninsular.com\/mid\/wp-json\/wp\/v2\/posts"}],"about":[{"href":"https:\/\/visionpeninsular.com\/mid\/wp-json\/wp\/v2\/types\/post"}],"author":[{"embeddable":true,"href":"https:\/\/visionpeninsular.com\/mid\/wp-json\/wp\/v2\/users\/5"}],"replies":[{"embeddable":true,"href":"https:\/\/visionpeninsular.com\/mid\/wp-json\/wp\/v2\/comments?post=31974"}],"version-history":[{"count":1,"href":"https:\/\/visionpeninsular.com\/mid\/wp-json\/wp\/v2\/posts\/31974\/revisions"}],"predecessor-version":[{"id":31976,"href":"https:\/\/visionpeninsular.com\/mid\/wp-json\/wp\/v2\/posts\/31974\/revisions\/31976"}],"wp:featuredmedia":[{"embeddable":true,"href":"https:\/\/visionpeninsular.com\/mid\/wp-json\/wp\/v2\/media\/31975"}],"wp:attachment":[{"href":"https:\/\/visionpeninsular.com\/mid\/wp-json\/wp\/v2\/media?parent=31974"}],"wp:term":[{"taxonomy":"category","embeddable":true,"href":"https:\/\/visionpeninsular.com\/mid\/wp-json\/wp\/v2\/categories?post=31974"},{"taxonomy":"post_tag","embeddable":true,"href":"https:\/\/visionpeninsular.com\/mid\/wp-json\/wp\/v2\/tags?post=31974"}],"curies":[{"name":"wp","href":"https:\/\/api.w.org\/{rel}","templated":true}]}}