{"id":31965,"date":"2017-10-21T11:28:34","date_gmt":"2017-10-21T16:28:34","guid":{"rendered":"http:\/\/visionpeninsular.com\/mid\/?p=31965"},"modified":"2017-10-21T11:28:34","modified_gmt":"2017-10-21T16:28:34","slug":"primer-foro-derecho-los-retos-la-justicia-en-quintana-roo","status":"publish","type":"post","link":"https:\/\/visionpeninsular.com\/mid\/primer-foro-derecho-los-retos-la-justicia-en-quintana-roo\/","title":{"rendered":"Primer Foro de Derecho \u201cLos retos de la justicia en Quintana Roo\u201d"},"content":{"rendered":"<p>La Presidenta Municipal de Solidaridad, Cristina Torres G\u00f3mez, asisti\u00f3 a la inauguraci\u00f3n del Primer Foro de Derecho \u201cLos retos de la justicia en Quintana Roo\u201d, cuyo objetivo es reflexionar, debatir e investigar las oportunidades derivadas de los cambios que se han producido en materia legal a nivel federal y estatal.<\/p>\n<p>En el Foro, la Mun\u00edcipe se\u00f1al\u00f3 que su Gobierno impulsa la ciudadanizaci\u00f3n de los procesos legales, es decir, \u201cque el ciudadano sepa a qui\u00e9n ir y qu\u00e9 puede esperar de la autoridad al plantear determinadas circunstancias\u201d, lo que es posible ante la disponibilidad y la sinergia entre las instituciones en el ejercicio de la justicia.<\/p>\n<p>\u201cEn el caso de la actual Administraci\u00f3n, se generar\u00e1 un canal de informaci\u00f3n a trav\u00e9s de la Direcci\u00f3n Jur\u00eddica, para explicar al ciudadano v\u00eda electr\u00f3nica y folletos, sin tecnicismos jur\u00eddicos, c\u00f3mo actuar ante el asunto por resolver, adem\u00e1s las formas en que las autoridades se pueden vincular para dar mejores resultados a los ciudadanos\u201d, detall\u00f3.<\/p>\n<p>Asimismo, Cristina Torres indic\u00f3 que la actual Administraci\u00f3n trabaja de la mano con la sociedad y con las instituciones para reconstruir el municipio que merecen los ciudadanos, \u201cya que Solidaridad se ha levantado con el esfuerzo de todos y podemos reescribir nuestra historia en positivo y as\u00ed generar justicia\u201d.<\/p>\n<p>En el Primer Foro de Derecho se abordar\u00e1n los temas: \u201cAn\u00e1lisis y evaluaci\u00f3n en la implementaci\u00f3n del Sistema Adversarial Acusatorio\u201d, \u201cRetos de la impartici\u00f3n del Sistema Nacional Estatal Anticorrupci\u00f3n\u201d, Perspectiva constitucional del derecho laboral\u201d y \u201cLa actividad protectora de Derechos Humanos en el \u00e1mbito Judicial\u201d.<\/p>\n<p>En su intervenci\u00f3n, el Presidente del Tribunal Superior de Justicia del Estado de Quintana Roo, Magistrado Jos\u00e9 Antonio Le\u00f3n Ru\u00edz, habl\u00f3 de la importancia de la capacitaci\u00f3n continua en los diversos modelos de impartici\u00f3n de justicia.<\/p>\n<p>\u201cEn el caso del Tribunal, hemos presentado un programa de impartici\u00f3n de justicia que se socializar\u00e1, y trabajamos en abatir el rezago en el sistema penal, para ello se han integrado comisiones, se est\u00e1n dise\u00f1ando los mecanismos para que la impartici\u00f3n de la justicia en Quintana Roo sea moderna, humana, pronta y expedita\u201d, indic\u00f3.<\/p>\n<p>En representaci\u00f3n del Gobernador de Quintana Roo, Carlos Joaqu\u00edn Gonz\u00e1lez, Roxana Lili Campos Miranda, expres\u00f3 que una de las prioridades del mandatario estatal es la implementaci\u00f3n del Sistema Estatal Anticorrupci\u00f3n, as\u00ed como fortalecer el conjunto de los Subsistemas de Prevenci\u00f3n, Procuraci\u00f3n, Impartici\u00f3n y Ejecuci\u00f3n de Penas, en busca de la construcci\u00f3n de un futuro m\u00e1s digno para todos\u201d, indic\u00f3.<\/p>\n<p>En este sentido, el Presidente de la Barra de Abogados de la Riviera Maya, Leopoldo Cruz Navarro, detall\u00f3 que este Foro \u201cbusca acercar el derecho a los ciudadanos a trav\u00e9s de abogados que est\u00e9n t\u00e9cnicamente bien preparados, y que mejor que con la capacitaci\u00f3n continua\u201d.<\/p>\n<p>En el foro estuvieron presentes el Rector del Instituto Mexicano de Ejecutivos y Lideres de Excelencia, Jorge Fern\u00e1ndez Herrera; Presidenta del Colegio de Abogados Manuel Crescencio Rej\u00f3n, Ang\u00e9lica Amaro Hern\u00e1ndez; el Presidente del Consejo de Licenciados en Derecho, Juristas y Litigantes del Estado de Quintana Roo, Jos\u00e9 Juan Chill\u00f3n Colorad; el Diputado del Congreso del Estado de Quintana Roo, Juan Carlos Pereyra Escudero; la Presidenta del Colegio de Abogados Postulantes de Quintana Roo, Dulce Mar\u00eda S\u00e1nchez Erosa, y el Presidente de la Barra de Abogados de Quintana Roo Colegio Profesional A. C., \u00a0Luis Armando Ezequiel Orozco.<\/p>\n<div class='share-to-whatsapp-wrapper'><div class='share-on-whsp'>Share on: <\/div><a data-text='Primer Foro de Derecho \u201cLos retos de la justicia en Quintana Roo\u201d' data-link='https:\/\/visionpeninsular.com\/mid\/primer-foro-derecho-los-retos-la-justicia-en-quintana-roo\/' class='whatsapp-button whatsapp-share'>WhatsApp<\/a><div class='clear '><\/div><\/div>","protected":false},"excerpt":{"rendered":"<p>La Presidenta Municipal de Solidaridad, Cristina Torres G\u00f3mez, asisti\u00f3 a la inauguraci\u00f3n del Primer Foro de Derecho \u201cLos retos de la justicia en Quintana Roo\u201d, cuyo objetivo es reflexionar, debatir e investigar las oportunidades derivadas de los cambios que se han producido en materia legal a nivel federal y estatal. En el Foro, la Mun\u00edcipe &hellip;<\/p>\n","protected":false},"author":1,"featured_media":31967,"comment_status":"open","ping_status":"open","sticky":false,"template":"","format":"standard","meta":{"_mi_skip_tracking":false},"categories":[48],"tags":[8703,8702],"_links":{"self":[{"href":"https:\/\/visionpeninsular.com\/mid\/wp-json\/wp\/v2\/posts\/31965"}],"collection":[{"href":"https:\/\/visionpeninsular.com\/mid\/wp-json\/wp\/v2\/posts"}],"about":[{"href":"https:\/\/visionpeninsular.com\/mid\/wp-json\/wp\/v2\/types\/post"}],"author":[{"embeddable":true,"href":"https:\/\/visionpeninsular.com\/mid\/wp-json\/wp\/v2\/users\/1"}],"replies":[{"embeddable":true,"href":"https:\/\/visionpeninsular.com\/mid\/wp-json\/wp\/v2\/comments?post=31965"}],"version-history":[{"count":1,"href":"https:\/\/visionpeninsular.com\/mid\/wp-json\/wp\/v2\/posts\/31965\/revisions"}],"predecessor-version":[{"id":31971,"href":"https:\/\/visionpeninsular.com\/mid\/wp-json\/wp\/v2\/posts\/31965\/revisions\/31971"}],"wp:featuredmedia":[{"embeddable":true,"href":"https:\/\/visionpeninsular.com\/mid\/wp-json\/wp\/v2\/media\/31967"}],"wp:attachment":[{"href":"https:\/\/visionpeninsular.com\/mid\/wp-json\/wp\/v2\/media?parent=31965"}],"wp:term":[{"taxonomy":"category","embeddable":true,"href":"https:\/\/visionpeninsular.com\/mid\/wp-json\/wp\/v2\/categories?post=31965"},{"taxonomy":"post_tag","embeddable":true,"href":"https:\/\/visionpeninsular.com\/mid\/wp-json\/wp\/v2\/tags?post=31965"}],"curies":[{"name":"wp","href":"https:\/\/api.w.org\/{rel}","templated":true}]}}