{"id":31864,"date":"2017-10-19T12:33:47","date_gmt":"2017-10-19T17:33:47","guid":{"rendered":"http:\/\/visionpeninsular.com\/mid\/?p=31864"},"modified":"2017-10-19T12:33:47","modified_gmt":"2017-10-19T17:33:47","slug":"nuevas-tarifas-electricas-traeran-beneficios-economicos-dicen","status":"publish","type":"post","link":"https:\/\/visionpeninsular.com\/mid\/nuevas-tarifas-electricas-traeran-beneficios-economicos-dicen\/","title":{"rendered":"Nuevas tarifas el\u00e9ctricas traer\u00e1n  beneficios econ\u00f3micos, dicen."},"content":{"rendered":"<p>Luego que la Comisi\u00f3n Federal de Electricidad (CFE) informara de una reclasificaci\u00f3n de sus tarifas en M\u00e9rida, se espera un impacto positivo y un alivio en la econom\u00eda familiar, por las necesidades que acceder\u00edan a cubrir con ese ahorro, como manifestaron los usuarios Tito Aguirre y Lucila carrillo V\u00e1zquez, lo que representa un beneficio directo para los habitantes de M\u00e9rida y sus comisar\u00edas, durante el verano.<\/p>\n<p>Tito, vecino del fraccionamiento Jardines del Norte, junto con otros ciudadanos, expres\u00f3 su benepl\u00e1cito por la medida, que sin duda se traducir\u00e1 en considerable ahorro para sus bolsillos, en especial para quienes son de bajos ingresos y el pago de luz les significa un fuerte gasto.<\/p>\n<p>\u201cEstoy muy contenta porque s\u00e9 que va a bajar el costo de mi recibo y justo en los meses que m\u00e1s se necesita porque es cuando hace m\u00e1s calor y utilizamos m\u00e1s el clima, los ventiladores. Me da tranquilidad saber que voy a recibir un apoyo en el pago, pero tambi\u00e9n s\u00e9 que debemos mejorar nuestros h\u00e1bitos en el consumo de la energ\u00eda para usar s\u00f3lo lo necesario; eso tambi\u00e9n ayudar\u00e1 a<\/p>\n<p>La reclasificaci\u00f3n para M\u00e9rida es resultado del proceso de revisi\u00f3n de temperaturas que realiza la CFE peri\u00f3dicamente junto con la Comisi\u00f3n Nacional del Agua (CONAGUA). En ese sentido, se analizan los registros promedio de abril, mayo, junio, julio, agosto y septiembre. Cuando se detecta que dos meses consecutivos tienen temperaturas promedio superiores a 30 grados, y esto ocurre por tres a\u00f1os, se procede a ajustar los costos para una regi\u00f3n o municipio.<\/p>\n<p>El gerente Comercial y de Suministro B\u00e1sico Peninsular de la CFE, Mat\u00edas Berm\u00fadez Guerra, explic\u00f3 \u00a0que, con la nueva reclasificaci\u00f3n, el total de los aproximadamente 350 mil clientes del servicio dom\u00e9stico de la CFE en M\u00e9rida pasar\u00e1n de las tarifas 1B y 1C, que corresponden a temperaturas m\u00e1s frescas, a la 1D, una tarifa para lugares m\u00e1s c\u00e1lidos, que recibe mayor subsidio en los meses de abril a septiembre y que, por lo tanto, representa un menor costo para los ciudadanos.<\/p>\n<p>Por poner un ejemplo del beneficio de la reclasificaci\u00f3n, un habitante de la comisar\u00eda de Chich\u00ed Su\u00e1rez que factura un consumo bimestral de dos mil 376 pesos en verano con la tarifa 1B, pasar\u00e1 a pagar aproximadamente mil 34 pesos con la tarifa 1D; es decir, tendr\u00e1 un ahorro de mil 342 pesos. De esta forma, en el periodo de verano la reducci\u00f3n ser\u00e1 de aproximadamente un 56 por ciento para quienes actualmente est\u00e1n en la 1B y que a partir de abril de 2018 pasar\u00e1n a la 1D.<\/p>\n<p>Otro vecino de Chuburn\u00e1, que factura un consumo bimestral de mil 583 pesos durante verano con la tarifa 1C, con la nueva tarifa, su recibo llegar\u00e1 aproximadamente a los mismos mil 34 pesos del ejemplo anterior, un ahorro de 548 pesos. Esto significa que los habitantes que actualmente tienen la tarifa 1C y pasen a la 1D tendr\u00e1n una reducci\u00f3n de casi 35 por ciento.<\/p>\n<p>Adicionalmente, tres mil de los cinco mil clientes ubicados en la tarifa Dom\u00e9stica de Alto Consumo (DAC) se ver\u00e1n beneficiados con reducciones de hasta el 79 por ciento en el costo del servicio. Solamente aquellos usuarios que consumen m\u00e1s de dos mil 500 kilowatts\/hora se mantendr\u00e1n con la tarifa DAC actual.<\/p>\n<p>En el marco de la charla con vecinos de M\u00e9rida, el personal de la CFE realiz\u00f3 simulaciones con los recibos dom\u00e9sticos de los asistentes, para que pudieran saber cu\u00e1nto ser\u00eda el ahorro aproximado que tendr\u00edan a partir de abril pr\u00f3ximo.<\/p>\n<p>&nbsp;<\/p>\n<p>&nbsp;<\/p>\n<p>&nbsp;<\/p>\n<div class='share-to-whatsapp-wrapper'><div class='share-on-whsp'>Share on: <\/div><a data-text='Nuevas tarifas el\u00e9ctricas traer\u00e1n  beneficios econ\u00f3micos, dicen.' data-link='https:\/\/visionpeninsular.com\/mid\/nuevas-tarifas-electricas-traeran-beneficios-economicos-dicen\/' class='whatsapp-button whatsapp-share'>WhatsApp<\/a><div class='clear '><\/div><\/div>","protected":false},"excerpt":{"rendered":"<p>Luego que la Comisi\u00f3n Federal de Electricidad (CFE) informara de una reclasificaci\u00f3n de sus tarifas en M\u00e9rida, se espera un impacto positivo y un alivio en la econom\u00eda familiar, por las necesidades que acceder\u00edan a cubrir con ese ahorro, como manifestaron los usuarios Tito Aguirre y Lucila carrillo V\u00e1zquez, lo que representa un beneficio directo &hellip;<\/p>\n","protected":false},"author":5,"featured_media":31865,"comment_status":"open","ping_status":"open","sticky":false,"template":"","format":"standard","meta":{"_mi_skip_tracking":false},"categories":[50,37],"tags":[8672,149,3028,107,8671,2273],"_links":{"self":[{"href":"https:\/\/visionpeninsular.com\/mid\/wp-json\/wp\/v2\/posts\/31864"}],"collection":[{"href":"https:\/\/visionpeninsular.com\/mid\/wp-json\/wp\/v2\/posts"}],"about":[{"href":"https:\/\/visionpeninsular.com\/mid\/wp-json\/wp\/v2\/types\/post"}],"author":[{"embeddable":true,"href":"https:\/\/visionpeninsular.com\/mid\/wp-json\/wp\/v2\/users\/5"}],"replies":[{"embeddable":true,"href":"https:\/\/visionpeninsular.com\/mid\/wp-json\/wp\/v2\/comments?post=31864"}],"version-history":[{"count":1,"href":"https:\/\/visionpeninsular.com\/mid\/wp-json\/wp\/v2\/posts\/31864\/revisions"}],"predecessor-version":[{"id":31866,"href":"https:\/\/visionpeninsular.com\/mid\/wp-json\/wp\/v2\/posts\/31864\/revisions\/31866"}],"wp:featuredmedia":[{"embeddable":true,"href":"https:\/\/visionpeninsular.com\/mid\/wp-json\/wp\/v2\/media\/31865"}],"wp:attachment":[{"href":"https:\/\/visionpeninsular.com\/mid\/wp-json\/wp\/v2\/media?parent=31864"}],"wp:term":[{"taxonomy":"category","embeddable":true,"href":"https:\/\/visionpeninsular.com\/mid\/wp-json\/wp\/v2\/categories?post=31864"},{"taxonomy":"post_tag","embeddable":true,"href":"https:\/\/visionpeninsular.com\/mid\/wp-json\/wp\/v2\/tags?post=31864"}],"curies":[{"name":"wp","href":"https:\/\/api.w.org\/{rel}","templated":true}]}}