{"id":31788,"date":"2017-10-18T06:42:21","date_gmt":"2017-10-18T11:42:21","guid":{"rendered":"http:\/\/visionpeninsular.com\/mid\/?p=31788"},"modified":"2017-10-18T06:42:21","modified_gmt":"2017-10-18T11:42:21","slug":"pleamar-toma-sorpresa-a-los-carmelitas","status":"publish","type":"post","link":"https:\/\/visionpeninsular.com\/mid\/pleamar-toma-sorpresa-a-los-carmelitas\/","title":{"rendered":"Pleamar toma por sorpresa a los carmelitas"},"content":{"rendered":"<p>Definitivamente la Direcci\u00f3n Municipal de Protecci\u00f3n Civil en Ciudad del Carmen, dirigida por Julio S\u00e1nchez est\u00e1 de adorno, se\u00f1al\u00f3 el consejero del PRD en el Municipio, Luis Alfonso Medina Peralta, prueba de ello es que cuando se suscit\u00f3 el temblor el pasado 7 de septiembre, con reacciones de p\u00e1nico entre la poblaci\u00f3n nunca supieron informar a la sociedad, ahora con las inundaciones de ayer por las crecientes de pleamar, tampoco se tomaron precauciones, mucho menos informaron a la gente.<\/p>\n<p>Medina Peralta consider\u00f3 esto como una falta de experiencia, y que debe de ser un precedente para que el pr\u00f3ximo gobierno municipal se fije bien a quien pone, dado que es un \u00e1rea muy importante \u201cquien est\u00e9 al frente tiene que conocer de riesgos, siniestros, incendios, explosiones, movimientos de pleamar o crecientes, en fin, todo lo que conlleva a prevenir a la sociedad en casos imprevistos o provocados por fuerza mayor\u201d, agreg\u00f3.<\/p>\n<p>Explic\u00f3 que la creciente de mar que se gener\u00f3 ayer, tom\u00f3 por sorpresa a numerosas familias de varios sectores de la isla, pues colonias como Caracol, Bivalvo, Playa Norte, Pedro Sainz, Miguel de la Madrid y Tierra y Libertad, asentadas en zonas bajas sufrieran inundaciones, algo que se hubiese previsto si el titular de Protecci\u00f3n Civil tuviera conocimientos de este tipo de fen\u00f3menos.<\/p>\n<div class='share-to-whatsapp-wrapper'><div class='share-on-whsp'>Share on: <\/div><a data-text='Pleamar toma por sorpresa a los carmelitas' data-link='https:\/\/visionpeninsular.com\/mid\/pleamar-toma-sorpresa-a-los-carmelitas\/' class='whatsapp-button whatsapp-share'>WhatsApp<\/a><div class='clear '><\/div><\/div>","protected":false},"excerpt":{"rendered":"<p>Definitivamente la Direcci\u00f3n Municipal de Protecci\u00f3n Civil en Ciudad del Carmen, dirigida por Julio S\u00e1nchez est\u00e1 de adorno, se\u00f1al\u00f3 el consejero del PRD en el Municipio, Luis Alfonso Medina Peralta, prueba de ello es que cuando se suscit\u00f3 el temblor el pasado 7 de septiembre, con reacciones de p\u00e1nico entre la poblaci\u00f3n nunca supieron informar &hellip;<\/p>\n","protected":false},"author":1,"featured_media":31789,"comment_status":"open","ping_status":"open","sticky":false,"template":"","format":"standard","meta":{"_mi_skip_tracking":false},"categories":[46],"tags":[4219,3787],"_links":{"self":[{"href":"https:\/\/visionpeninsular.com\/mid\/wp-json\/wp\/v2\/posts\/31788"}],"collection":[{"href":"https:\/\/visionpeninsular.com\/mid\/wp-json\/wp\/v2\/posts"}],"about":[{"href":"https:\/\/visionpeninsular.com\/mid\/wp-json\/wp\/v2\/types\/post"}],"author":[{"embeddable":true,"href":"https:\/\/visionpeninsular.com\/mid\/wp-json\/wp\/v2\/users\/1"}],"replies":[{"embeddable":true,"href":"https:\/\/visionpeninsular.com\/mid\/wp-json\/wp\/v2\/comments?post=31788"}],"version-history":[{"count":1,"href":"https:\/\/visionpeninsular.com\/mid\/wp-json\/wp\/v2\/posts\/31788\/revisions"}],"predecessor-version":[{"id":31790,"href":"https:\/\/visionpeninsular.com\/mid\/wp-json\/wp\/v2\/posts\/31788\/revisions\/31790"}],"wp:featuredmedia":[{"embeddable":true,"href":"https:\/\/visionpeninsular.com\/mid\/wp-json\/wp\/v2\/media\/31789"}],"wp:attachment":[{"href":"https:\/\/visionpeninsular.com\/mid\/wp-json\/wp\/v2\/media?parent=31788"}],"wp:term":[{"taxonomy":"category","embeddable":true,"href":"https:\/\/visionpeninsular.com\/mid\/wp-json\/wp\/v2\/categories?post=31788"},{"taxonomy":"post_tag","embeddable":true,"href":"https:\/\/visionpeninsular.com\/mid\/wp-json\/wp\/v2\/tags?post=31788"}],"curies":[{"name":"wp","href":"https:\/\/api.w.org\/{rel}","templated":true}]}}