{"id":31762,"date":"2017-10-17T10:18:14","date_gmt":"2017-10-17T15:18:14","guid":{"rendered":"http:\/\/visionpeninsular.com\/mid\/?p=31762"},"modified":"2017-10-17T10:18:14","modified_gmt":"2017-10-17T15:18:14","slug":"avalamos-trabajo-del-contralor-raul-paz-alonzo","status":"publish","type":"post","link":"https:\/\/visionpeninsular.com\/mid\/avalamos-trabajo-del-contralor-raul-paz-alonzo\/","title":{"rendered":"No avalamos el trabajo del contralor: Ra\u00fal Paz Alonzo"},"content":{"rendered":"<p>El Diputado Ra\u00fal Paz Alonzo durante la discusi\u00f3n de la solicitud de ratificaci\u00f3n del C. Miguel Antonio Fern\u00e1ndez Vargas, como titular de la secretar\u00eda de la contralor\u00eda general, \u00f3rgano responsable del control interno del poder ejecutivo enviada por el ejecutivo del estado, aclaro que de ninguna manera representa la calificaci\u00f3n del trabajo del actual contralor del Gobierno del Estado.<\/p>\n<p>El Coordinador de la bancada del PAN, aclaro que es solo un tr\u00e1mite legal para la conformaci\u00f3n del Sistema Estatal Anticorrupci\u00f3n y Acci\u00f3n Nacional no ser\u00e1 un pretexto para evitar la conformaci\u00f3n de este sistema y as\u00ed pueda entrar en funciones los antes posible. Es por esa raz\u00f3n, as\u00ed como por el bien de los ciudadanos que el PAN votara a favor de la ratificaci\u00f3n.<\/p>\n<p>\u201cPero quiero ser muy enf\u00e1tico y claro, en el PAN no avalamos el trabajo del contralor para poder avalarlo tendr\u00edamos que estudiar todo su trabajo a detalle. Y por lo que conocemos atreves de la prensa, as\u00ed como algunos actores, no lo avalamos m\u00e1s bien, lo reprochamos\u201d.<\/p>\n<p>El legislador menciono que la ratificaci\u00f3n fue apenas recibida el d\u00eda\u00a0 12 de octubre a las 11:00 a.m. por cada uno de los diputados la LXI legislatura. Debido a que es facultad del ejecutivo mandar esa ratificaci\u00f3n, as\u00ed como mandar la terna para el vicefiscal, Ra\u00fal Paz sentenci\u00f3 que no van a permitir que manden un d\u00eda antes de la votaci\u00f3n una terna para discutir el vicefiscal, debido a la importancia de lo que representa.<\/p>\n<p>\u201cLo quiero dejar muy claro que este proceso que viene, que sin duda va cambiar el combate a la corrupci\u00f3n en nuestro estado tiene que llevar un proceso de cara a la ciudadan\u00eda trasparente y que involucremos a los mayores actores posibles por el bien de Yucat\u00e1n\u201d.<\/p>\n<p>Por ello hizo votos por que la terna del vicefiscal sea enviada y analizada a la brevedad para poder ser discutida junto con la sociedad ese nombramiento de vital importancia.<\/p>\n<p>&nbsp;<\/p>\n<p>&nbsp;<\/p>\n<div class='share-to-whatsapp-wrapper'><div class='share-on-whsp'>Share on: <\/div><a data-text='No avalamos el trabajo del contralor: Ra\u00fal Paz Alonzo' data-link='https:\/\/visionpeninsular.com\/mid\/avalamos-trabajo-del-contralor-raul-paz-alonzo\/' class='whatsapp-button whatsapp-share'>WhatsApp<\/a><div class='clear '><\/div><\/div>","protected":false},"excerpt":{"rendered":"<p>El Diputado Ra\u00fal Paz Alonzo durante la discusi\u00f3n de la solicitud de ratificaci\u00f3n del C. Miguel Antonio Fern\u00e1ndez Vargas, como titular de la secretar\u00eda de la contralor\u00eda general, \u00f3rgano responsable del control interno del poder ejecutivo enviada por el ejecutivo del estado, aclaro que de ninguna manera representa la calificaci\u00f3n del trabajo del actual contralor &hellip;<\/p>\n","protected":false},"author":5,"featured_media":31763,"comment_status":"open","ping_status":"open","sticky":false,"template":"","format":"standard","meta":{"_mi_skip_tracking":false},"categories":[50,37],"tags":[3842,8638,157],"_links":{"self":[{"href":"https:\/\/visionpeninsular.com\/mid\/wp-json\/wp\/v2\/posts\/31762"}],"collection":[{"href":"https:\/\/visionpeninsular.com\/mid\/wp-json\/wp\/v2\/posts"}],"about":[{"href":"https:\/\/visionpeninsular.com\/mid\/wp-json\/wp\/v2\/types\/post"}],"author":[{"embeddable":true,"href":"https:\/\/visionpeninsular.com\/mid\/wp-json\/wp\/v2\/users\/5"}],"replies":[{"embeddable":true,"href":"https:\/\/visionpeninsular.com\/mid\/wp-json\/wp\/v2\/comments?post=31762"}],"version-history":[{"count":1,"href":"https:\/\/visionpeninsular.com\/mid\/wp-json\/wp\/v2\/posts\/31762\/revisions"}],"predecessor-version":[{"id":31764,"href":"https:\/\/visionpeninsular.com\/mid\/wp-json\/wp\/v2\/posts\/31762\/revisions\/31764"}],"wp:featuredmedia":[{"embeddable":true,"href":"https:\/\/visionpeninsular.com\/mid\/wp-json\/wp\/v2\/media\/31763"}],"wp:attachment":[{"href":"https:\/\/visionpeninsular.com\/mid\/wp-json\/wp\/v2\/media?parent=31762"}],"wp:term":[{"taxonomy":"category","embeddable":true,"href":"https:\/\/visionpeninsular.com\/mid\/wp-json\/wp\/v2\/categories?post=31762"},{"taxonomy":"post_tag","embeddable":true,"href":"https:\/\/visionpeninsular.com\/mid\/wp-json\/wp\/v2\/tags?post=31762"}],"curies":[{"name":"wp","href":"https:\/\/api.w.org\/{rel}","templated":true}]}}