{"id":31709,"date":"2017-10-16T08:47:10","date_gmt":"2017-10-16T13:47:10","guid":{"rendered":"http:\/\/visionpeninsular.com\/mid\/?p=31709"},"modified":"2017-10-16T08:47:10","modified_gmt":"2017-10-16T13:47:10","slug":"instalan-paseo-las-sombrillas-en-pasaje-revolucion","status":"publish","type":"post","link":"https:\/\/visionpeninsular.com\/mid\/instalan-paseo-las-sombrillas-en-pasaje-revolucion\/","title":{"rendered":"Instalan \u201cEl Paseo de las Sombrillas\u201d en el Pasaje Revoluci\u00f3n"},"content":{"rendered":"<p><em>La capital yucateca se suma a una iniciativa mundial art\u00edstica que promueve el turismo y los espacios p\u00fablicos<\/em><\/p>\n<p>Con el fin de promover el turismo en el Centro Hist\u00f3rico de la ciudad, el Ayuntamiento de M\u00e9rida, por conducto de la Direcci\u00f3n de Turismo y Promoci\u00f3n Econ\u00f3mica instal\u00f3 en el Pasaje de la Revoluci\u00f3n\u00a0 \u201cEl Pasaje de las Sombrillas\u201d una iniciativa de arte urbano que de forma temporal busca lograr un espacio atractivo para el transe\u00fante y que sirva como im\u00e1n para los visitantes locales, nacionales y extranjeros.<\/p>\n<p>El alcalde Mauricio Vila Dosal inform\u00f3 que se trata de una decoraci\u00f3n elaborada con 850 sombrillas de colores que por medio de parrillas especiales\u00a0 \u2013las cuales no tocan ninguna estructura de los edificios aleda\u00f1os- sostienen estos objetos a la manera de proyectos similares para atraer el turismo que se han realizado en capitales como en Portugal, donde naci\u00f3 esta propuesta conocida por su nombre en ingl\u00e9s como Umbrella Sky Project (Proyecto Cielo de Sombrillas).<\/p>\n<p>La iniciativa que tambi\u00e9n sirve para promover espacios p\u00fablicos y sitios hist\u00f3ricos de las ciudades tambi\u00e9n se ha replicado en ciudades como Liverpool, Reino Unido, con el nombre de\u00a0 Umbrella Project (Proyecto Sombrilla), en Barcelona y Madrid en Espa\u00f1a; Tokio, Jap\u00f3n; y en pa\u00edses como Corea del Sur, Turqu\u00eda y Emiratos \u00c1rabes, entre otros.<\/p>\n<p>En\u00a0 M\u00e9xico tambi\u00e9n se han desarrollado proyectos similares como en la propia Ciudad de M\u00e9xico,\u00a0 con el\u00a0 nombre de \u201cPasillo de Sombrillas\u201d,\u00a0 en Chihuahua, Chihuahua; bajo el nombre \u201cCiudad de los Paraguas\u201d y en Aguascalientes, Aguascalientes con el nombre \u201cLa calle de las Sombrillas\u201d.<\/p>\n<p>Carolina C\u00e1rdenas Sosa, directora de Turismo y Promoci\u00f3n Econ\u00f3mica inform\u00f3 que las 850 sombrillas se engarzan a 12 parrillas las cuales utilizan un sencillo mecanismo elevador para subirlas y bajarlas cuando sea necesario. La inversi\u00f3n de la exposici\u00f3n fue de poco m\u00e1s de $200,000.<\/p>\n<p>-Es una expresi\u00f3n de alegr\u00eda con sombrillas para los meridanos y turistas. La idea es tener durante tres semanas un lugar bello y diferente para admirar dentro del Centro Hist\u00f3rico- agreg\u00f3.<\/p>\n<p>A su vez, la Direcci\u00f3n de Servicios P\u00fablicos Municipales realiz\u00f3 varios trabajos de limpieza y pintura en el Pasaje de la Revoluci\u00f3n que le dan un aspecto totalmente renovado.<\/p>\n<p>El alcalde Mauricio Vila Dosal recorri\u00f3 este d\u00eda de inauguraci\u00f3n &#8220;El Paseo de las Sombrillas&#8221; en \u00e9ste hist\u00f3rico sitio acompa\u00f1ado de\u00a0 H\u00e9ctor Navarrete Medina, Presidente de la Asociaci\u00f3n de Mexicana de Hoteles; Aref Karam Esp\u00f3sitos, director de Desarrollo Urbano;\u00a0 Luis Jorge Montalvo Duarte, director de Servicios P\u00fablicos Municipales y Manuel Jes\u00fas Cetina Chay, director administrativo de la Fundaci\u00f3n Macay.<\/p>\n<p>&nbsp;<\/p>\n<div class='share-to-whatsapp-wrapper'><div class='share-on-whsp'>Share on: <\/div><a data-text='Instalan \u201cEl Paseo de las Sombrillas\u201d en el Pasaje Revoluci\u00f3n' data-link='https:\/\/visionpeninsular.com\/mid\/instalan-paseo-las-sombrillas-en-pasaje-revolucion\/' class='whatsapp-button whatsapp-share'>WhatsApp<\/a><div class='clear '><\/div><\/div>","protected":false},"excerpt":{"rendered":"<p>La capital yucateca se suma a una iniciativa mundial art\u00edstica que promueve el turismo y los espacios p\u00fablicos Con el fin de promover el turismo en el Centro Hist\u00f3rico de la ciudad, el Ayuntamiento de M\u00e9rida, por conducto de la Direcci\u00f3n de Turismo y Promoci\u00f3n Econ\u00f3mica instal\u00f3 en el Pasaje de la Revoluci\u00f3n\u00a0 \u201cEl Pasaje &hellip;<\/p>\n","protected":false},"author":5,"featured_media":31710,"comment_status":"open","ping_status":"open","sticky":false,"template":"","format":"standard","meta":{"_mi_skip_tracking":false},"categories":[49,37],"tags":[8618,1974,41,3861,8619,77],"_links":{"self":[{"href":"https:\/\/visionpeninsular.com\/mid\/wp-json\/wp\/v2\/posts\/31709"}],"collection":[{"href":"https:\/\/visionpeninsular.com\/mid\/wp-json\/wp\/v2\/posts"}],"about":[{"href":"https:\/\/visionpeninsular.com\/mid\/wp-json\/wp\/v2\/types\/post"}],"author":[{"embeddable":true,"href":"https:\/\/visionpeninsular.com\/mid\/wp-json\/wp\/v2\/users\/5"}],"replies":[{"embeddable":true,"href":"https:\/\/visionpeninsular.com\/mid\/wp-json\/wp\/v2\/comments?post=31709"}],"version-history":[{"count":1,"href":"https:\/\/visionpeninsular.com\/mid\/wp-json\/wp\/v2\/posts\/31709\/revisions"}],"predecessor-version":[{"id":31711,"href":"https:\/\/visionpeninsular.com\/mid\/wp-json\/wp\/v2\/posts\/31709\/revisions\/31711"}],"wp:featuredmedia":[{"embeddable":true,"href":"https:\/\/visionpeninsular.com\/mid\/wp-json\/wp\/v2\/media\/31710"}],"wp:attachment":[{"href":"https:\/\/visionpeninsular.com\/mid\/wp-json\/wp\/v2\/media?parent=31709"}],"wp:term":[{"taxonomy":"category","embeddable":true,"href":"https:\/\/visionpeninsular.com\/mid\/wp-json\/wp\/v2\/categories?post=31709"},{"taxonomy":"post_tag","embeddable":true,"href":"https:\/\/visionpeninsular.com\/mid\/wp-json\/wp\/v2\/tags?post=31709"}],"curies":[{"name":"wp","href":"https:\/\/api.w.org\/{rel}","templated":true}]}}