{"id":31087,"date":"2017-10-02T09:21:56","date_gmt":"2017-10-02T14:21:56","guid":{"rendered":"http:\/\/visionpeninsular.com\/mid\/?p=31087"},"modified":"2017-10-02T09:21:56","modified_gmt":"2017-10-02T14:21:56","slug":"celebra-mauricio-vila-11o-aniversario-la-biciruta-en-paseo-montejo","status":"publish","type":"post","link":"https:\/\/visionpeninsular.com\/mid\/celebra-mauricio-vila-11o-aniversario-la-biciruta-en-paseo-montejo\/","title":{"rendered":"Celebra  Mauricio Vila  11\u00ba. Aniversario de la Biciruta  en Paseo Montejo"},"content":{"rendered":"<p><em>Actividad que se consolida gracias a la preferencia de los ciudadanos<\/em><\/p>\n<p>El alcalde Mauricio Vila Dosal encabez\u00f3 esta ma\u00f1ana la celebraci\u00f3n del 11\u00b0 aniversario de la Biciruta dominical en Paseo de Montejo, un programa del Ayuntamiento de M\u00e9rida que en este lapso se ha posicionado como uno de los favoritos de las familias que disfrutan la pr\u00e1ctica del deporte y la convivencia.<\/p>\n<p>En entrevista, el presidente municipal asegur\u00f3 que desde su creaci\u00f3n, cada vez son m\u00e1s los ciudadanos y turistas nacionales e internacionales que asisten y debido a su \u00e9xito y a solicitud de los ciudadanos, la Biciruta se ha extendido a otros puntos de M\u00e9rida como Ciudad Caucel, en los alrededores del parque Animaya, y en el fraccionamiento Las Am\u00e9ricas.<\/p>\n<p>-Tambi\u00e9n se puso en marcha en esta administraci\u00f3n la Biciruta Nocturna que se efect\u00faa el primer s\u00e1bado de cada mes-dijo.<\/p>\n<p>Record\u00f3 que en 2016 entr\u00f3 en funciones una escuela de iniciaci\u00f3n ciclista llamada &#8220;Pedalea&#8221; donde los ciudadanos, ni\u00f1os, ni\u00f1as y toda persona que tenga este deseo puedan aprender a manejar bicicleta de una manera segura y econ\u00f3mica.<\/p>\n<p>Acompa\u00f1ado del ex alcalde, Manuel Fuentes Alcocer, en cuya administraci\u00f3n se inici\u00f3 el programa, Mauricio Vila entreg\u00f3 a la se\u00f1ora Ligia G\u00f3mez Arag\u00f3n, Jos\u00e9 Rivero Turriza y a Luis Vela Magos un reconocimiento por su colaboraci\u00f3n durante 11 a\u00f1os en el programa Biciruta. De igual manera entreg\u00f3 los nuevos uniformes para los j\u00f3venes de servicio social que brindan apoyo e informaci\u00f3n a los visitantes.<\/p>\n<p>Tambi\u00e9n entreg\u00f3 cuatro bicicletas como premio a los ganadores de las Carreras Argentinas, actividad que se realiz\u00f3 como parte de los festejos del aniversario y junto con los ni\u00f1os hizo el tradicional corte del pastel.<\/p>\n<p>Posteriormente, el presidente municipal acompa\u00f1ado de su\u00a0 esposa, Mar\u00eda Eugenia Ortiz Abraham y sus peque\u00f1os Alejandrina, Mauricio y Santiago realiz\u00f3 un recorrido en bicicleta en el cual las familias aprovecharon para saludarlo.<\/p>\n<p>Las actividades para celebrar el aniversario n\u00famero 11 de la Biciruta iniciaron desde las 8:30 am con las carreras argentinas en la categor\u00eda infantil y adulto.\u00a0 De acuerdo con informaci\u00f3n de la Subdirecci\u00f3n de Deportes, hoy asistieron 3,418 personas.<\/p>\n<p>Informaci\u00f3n del programa<\/p>\n<p>El programa Biciruta de Paseo de Paseo de Montejo abarca una extensi\u00f3n de 5.2 kil\u00f3metros, recorriendo la avenida m\u00e1s emblem\u00e1tica de la Ciudad, su centro hist\u00f3rico y sus principales barrios. Fue inaugurada el 20 de agosto del 2006 durante la administraci\u00f3n del ex alcalde, Manuel Fuentes Alcocer.<\/p>\n<p>A lo largo del derrotero se ofrecen servicios b\u00e1sicos de primeros auxilios, mec\u00e1nica b\u00e1sica, sanitarios, puntos de hidrataci\u00f3n, atenci\u00f3n ciudadana, Shows de Entretenimiento Familiar entro otros.<\/p>\n<p>Para ofrecer mayor seguridad a los asistentes se trabaja coordinadamente con la Secretar\u00eda de Seguridad P\u00fablica y la Polic\u00eda Municipal de M\u00e9rida y adem\u00e1s el programa cuenta con 10 gu\u00edas de ruta servicio de primeros auxilios y aproximadamente 100 j\u00f3venes quienes realizan su servicio social.<\/p>\n<p>De septiembre de 2016 a septiembre de 2017 asistieron 87,664 usuarios que han hecho de la Biciruta su lugar de preferencia para la convivencia familiar.<\/p>\n<p>Cabe destacar que durante la actual administraci\u00f3n el Paseo de Montejo, sede de la Biciruta dominical y nocturna, se ha reforzado la infraestructura tur\u00edstica de este paseo, dot\u00e1ndolo de mejor iluminaci\u00f3n y macetas con flores de ornato, la puesta en marcha del internet gratuito, los trabajos de restauraci\u00f3n y la nueva iluminaci\u00f3n al Monumento a la Patria y la renovada imagen de la Noche Mexicana que ayer por la noche celebr\u00f3 su aniversario n\u00famero 20.<\/p>\n<p>&nbsp;<\/p>\n<p>&nbsp;<\/p>\n<div class='share-to-whatsapp-wrapper'><div class='share-on-whsp'>Share on: <\/div><a data-text='Celebra  Mauricio Vila  11\u00ba. Aniversario de la Biciruta  en Paseo Montejo' data-link='https:\/\/visionpeninsular.com\/mid\/celebra-mauricio-vila-11o-aniversario-la-biciruta-en-paseo-montejo\/' class='whatsapp-button whatsapp-share'>WhatsApp<\/a><div class='clear '><\/div><\/div>","protected":false},"excerpt":{"rendered":"<p>Actividad que se consolida gracias a la preferencia de los ciudadanos El alcalde Mauricio Vila Dosal encabez\u00f3 esta ma\u00f1ana la celebraci\u00f3n del 11\u00b0 aniversario de la Biciruta dominical en Paseo de Montejo, un programa del Ayuntamiento de M\u00e9rida que en este lapso se ha posicionado como uno de los favoritos de las familias que disfrutan &hellip;<\/p>\n","protected":false},"author":5,"featured_media":31088,"comment_status":"open","ping_status":"open","sticky":false,"template":"","format":"standard","meta":{"_mi_skip_tracking":false},"categories":[49,37],"tags":[913,41,356,40],"_links":{"self":[{"href":"https:\/\/visionpeninsular.com\/mid\/wp-json\/wp\/v2\/posts\/31087"}],"collection":[{"href":"https:\/\/visionpeninsular.com\/mid\/wp-json\/wp\/v2\/posts"}],"about":[{"href":"https:\/\/visionpeninsular.com\/mid\/wp-json\/wp\/v2\/types\/post"}],"author":[{"embeddable":true,"href":"https:\/\/visionpeninsular.com\/mid\/wp-json\/wp\/v2\/users\/5"}],"replies":[{"embeddable":true,"href":"https:\/\/visionpeninsular.com\/mid\/wp-json\/wp\/v2\/comments?post=31087"}],"version-history":[{"count":1,"href":"https:\/\/visionpeninsular.com\/mid\/wp-json\/wp\/v2\/posts\/31087\/revisions"}],"predecessor-version":[{"id":31089,"href":"https:\/\/visionpeninsular.com\/mid\/wp-json\/wp\/v2\/posts\/31087\/revisions\/31089"}],"wp:featuredmedia":[{"embeddable":true,"href":"https:\/\/visionpeninsular.com\/mid\/wp-json\/wp\/v2\/media\/31088"}],"wp:attachment":[{"href":"https:\/\/visionpeninsular.com\/mid\/wp-json\/wp\/v2\/media?parent=31087"}],"wp:term":[{"taxonomy":"category","embeddable":true,"href":"https:\/\/visionpeninsular.com\/mid\/wp-json\/wp\/v2\/categories?post=31087"},{"taxonomy":"post_tag","embeddable":true,"href":"https:\/\/visionpeninsular.com\/mid\/wp-json\/wp\/v2\/tags?post=31087"}],"curies":[{"name":"wp","href":"https:\/\/api.w.org\/{rel}","templated":true}]}}