{"id":3106,"date":"2016-05-07T06:54:08","date_gmt":"2016-05-07T11:54:08","guid":{"rendered":"http:\/\/visionpeninsular.com\/mid\/?p=3106"},"modified":"2016-05-07T08:06:59","modified_gmt":"2016-05-07T13:06:59","slug":"alerta-en-quintana-roo-reportan-a-tercer-nino-desaparecido-en-diez-dias","status":"publish","type":"post","link":"https:\/\/visionpeninsular.com\/mid\/alerta-en-quintana-roo-reportan-a-tercer-nino-desaparecido-en-diez-dias\/","title":{"rendered":"Alerta en Quintana Roo &#8211;  Reportan a tercer ni\u00f1o desaparecido en diez d\u00edas"},"content":{"rendered":"<p>La Alerta Amber fue activada de nueva cuenta esta semana, luego de que se\u00f1alar\u00e1 que un ni\u00f1o del municipio de Felipe Carrillo Puerto hubiera salido a la tienda y no volviera. <\/p>\n<p>Fue a trav\u00e9s de la cuenta de Twitter @AlertaAmberQR, que se inform\u00f3 que se trata de un menor de 8 a\u00f1os con complexi\u00f3n delgada, de 145 cent\u00edmetros de estatura y con un lunar en la frente, arriba de la ceja derecha.<\/p>\n<p>De acuerdo al reporte, fue este viernes cuando el menor dejo su domicilio para ir a la tienda sin embargo no regreso a su casa y su paradero se ha mantenido desconocido desde entonces. <\/p>\n<p>El menor iba vestido con una camiseta color azul, su\u00e9ter gris y pantal\u00f3n de mezclilla azul desmanchado en una de las piernas con cloro y sandalias tipo \u2018Diramil\u2019.<\/p>\n<p>Asimismo, se ha solicitado la intervenci\u00f3n de la sociedad en general, a quienes se le solicito que en caso de tener alg\u00fan dato del menor reportarlo al 01800-0085400 o al tel\u00e9fono de la Procuradur\u00eda General de Justicia de Quintana Roo: 983-8340150 extensi\u00f3n 3102. <\/p>\n<p>Cabe recordar que la anterior semana la Alerta tambi\u00e9n fue activada cuando otro menor fue reportado desaparecido al salir de la escuela, sin embargo se trat\u00f3 de un problema familiar. <\/p>\n<p>Asimismo, se activ\u00f3 la Alerta Amber en M\u00e9xico por la desaparici\u00f3n de la ni\u00f1a Rosa del Carmen Hern\u00e1ndez Cicer\u00f3n quien, presuntamente fue robada por Fernando Morales Fuentes, el pasado 26 de abril al salir de la escuela. <\/p>\n<div class='share-to-whatsapp-wrapper'><div class='share-on-whsp'>Share on: <\/div><a data-text='Alerta en Quintana Roo -  Reportan a tercer ni\u00f1o desaparecido en diez d\u00edas' data-link='https:\/\/visionpeninsular.com\/mid\/alerta-en-quintana-roo-reportan-a-tercer-nino-desaparecido-en-diez-dias\/' class='whatsapp-button whatsapp-share'>WhatsApp<\/a><div class='clear '><\/div><\/div>","protected":false},"excerpt":{"rendered":"<p>La Alerta Amber fue activada de nueva cuenta esta semana, luego de que se\u00f1alar\u00e1 que un ni\u00f1o del municipio de Felipe Carrillo Puerto hubiera salido a la tienda y no volviera. Fue a trav\u00e9s de la cuenta de Twitter @AlertaAmberQR, que se inform\u00f3 que se trata de un menor de 8 a\u00f1os con complexi\u00f3n delgada, &hellip;<\/p>\n","protected":false},"author":1,"featured_media":3107,"comment_status":"open","ping_status":"open","sticky":false,"template":"","format":"standard","meta":{"_mi_skip_tracking":false},"categories":[47],"tags":[672],"_links":{"self":[{"href":"https:\/\/visionpeninsular.com\/mid\/wp-json\/wp\/v2\/posts\/3106"}],"collection":[{"href":"https:\/\/visionpeninsular.com\/mid\/wp-json\/wp\/v2\/posts"}],"about":[{"href":"https:\/\/visionpeninsular.com\/mid\/wp-json\/wp\/v2\/types\/post"}],"author":[{"embeddable":true,"href":"https:\/\/visionpeninsular.com\/mid\/wp-json\/wp\/v2\/users\/1"}],"replies":[{"embeddable":true,"href":"https:\/\/visionpeninsular.com\/mid\/wp-json\/wp\/v2\/comments?post=3106"}],"version-history":[{"count":1,"href":"https:\/\/visionpeninsular.com\/mid\/wp-json\/wp\/v2\/posts\/3106\/revisions"}],"predecessor-version":[{"id":3108,"href":"https:\/\/visionpeninsular.com\/mid\/wp-json\/wp\/v2\/posts\/3106\/revisions\/3108"}],"wp:featuredmedia":[{"embeddable":true,"href":"https:\/\/visionpeninsular.com\/mid\/wp-json\/wp\/v2\/media\/3107"}],"wp:attachment":[{"href":"https:\/\/visionpeninsular.com\/mid\/wp-json\/wp\/v2\/media?parent=3106"}],"wp:term":[{"taxonomy":"category","embeddable":true,"href":"https:\/\/visionpeninsular.com\/mid\/wp-json\/wp\/v2\/categories?post=3106"},{"taxonomy":"post_tag","embeddable":true,"href":"https:\/\/visionpeninsular.com\/mid\/wp-json\/wp\/v2\/tags?post=3106"}],"curies":[{"name":"wp","href":"https:\/\/api.w.org\/{rel}","templated":true}]}}