{"id":30946,"date":"2017-09-28T12:25:59","date_gmt":"2017-09-28T17:25:59","guid":{"rendered":"http:\/\/visionpeninsular.com\/mid\/?p=30946"},"modified":"2017-09-28T12:25:59","modified_gmt":"2017-09-28T17:25:59","slug":"arbitrario-aumentar-a-13-pesos-la-tarifa-transporte","status":"publish","type":"post","link":"https:\/\/visionpeninsular.com\/mid\/arbitrario-aumentar-a-13-pesos-la-tarifa-transporte\/","title":{"rendered":"Ser\u00eda arbitrario aumentar a 13 pesos la tarifa de transporte"},"content":{"rendered":"<p>El presidente de la C\u00e1mara Nacional de Comercio, Servicios y Turismo (CANACO-SERVYTUR), Juan Jos\u00e9 Abraham D\u00e1guer, se\u00f1al\u00f3 como exagerado el aumento de 13 pesos a la tarifa de transporte p\u00fablico, pero s\u00ed se apoya la posibilidad de un incremento al pasaje que se base en un \u201cestudio incluyente con todos los sectores involucrados\u201d, hecho por expertos en el tema y que hayan trabajado en ciudades con las mismas caracter\u00edsticas de M\u00e9rida.<\/p>\n<p>En tanto, Rafael Canto Rosado, director de minis 200, revel\u00f3 que se har\u00e1 una propuesta al Gobierno del estado, de subir a 13 pesos, o sea, aumentar cinco pesos a la tarifa normal, la cual pasar\u00eda de ocho a 13, y la tarifa social para estudiantes, ancianos y personas con discapacidad, quedar\u00eda en 6.50, al incrementar 3 pesos a la tarifa actual.<\/p>\n<p>Es indignante la intenci\u00f3n de este incremento al pasaje urbano, dado que siempre que se habla de un aumento a las tarifas, se menciona que es con el fin de mejorar las unidades, lo que nunca se hace y seguimos utilizando las mismas chatarras con ruedas que tienen mucho m\u00e1s de 20 a\u00f1os.<\/p>\n<p>El mencionado aumento de tarifas lesionar\u00eda gravemente la econom\u00eda familiar, ya que al subir precios la canasta b\u00e1sica y perderse el poder adquisitivo, por la falta de un necesario aumento al salario m\u00ednimo, se caer\u00eda en una situaci\u00f3n por dem\u00e1s desesperante para la mayor\u00eda de los ciudadanos que subsisten con dicho salario, 80.04 pesos por d\u00eda, y las personas que viven en el sur y necesariamente tiene que transportarse al norte de la ciudad, utiliza dos transportes para llegar y dos para regresar, lo que representa 56 pesos diarios, quedando nada m\u00e1s que 28.04 pesos para comida, vivienda, medicinas,, educaci\u00f3n, vestido, etc.<\/p>\n<p>El l\u00edder de la Canaco manifest\u00f3 que \u201cs\u00ed debe atenderse la petici\u00f3n que hacen los due\u00f1os de las concesionarias\u201d, pero \u201cveo muy complicado poner los nuevos precios en los niveles que solicitan. Hay que tener en consideraci\u00f3n que la gente no lo podr\u00eda pagar. La ciudadan\u00eda no estar\u00eda lista para un precio de 13 pesos\u201d, agreg\u00f3.<\/p>\n<div class='share-to-whatsapp-wrapper'><div class='share-on-whsp'>Share on: <\/div><a data-text='Ser\u00eda arbitrario aumentar a 13 pesos la tarifa de transporte' data-link='https:\/\/visionpeninsular.com\/mid\/arbitrario-aumentar-a-13-pesos-la-tarifa-transporte\/' class='whatsapp-button whatsapp-share'>WhatsApp<\/a><div class='clear '><\/div><\/div>","protected":false},"excerpt":{"rendered":"<p>El presidente de la C\u00e1mara Nacional de Comercio, Servicios y Turismo (CANACO-SERVYTUR), Juan Jos\u00e9 Abraham D\u00e1guer, se\u00f1al\u00f3 como exagerado el aumento de 13 pesos a la tarifa de transporte p\u00fablico, pero s\u00ed se apoya la posibilidad de un incremento al pasaje que se base en un \u201cestudio incluyente con todos los sectores involucrados\u201d, hecho por &hellip;<\/p>\n","protected":false},"author":5,"featured_media":30947,"comment_status":"open","ping_status":"open","sticky":false,"template":"","format":"standard","meta":{"_mi_skip_tracking":false},"categories":[50,37],"tags":[2858,2584,2273,112],"_links":{"self":[{"href":"https:\/\/visionpeninsular.com\/mid\/wp-json\/wp\/v2\/posts\/30946"}],"collection":[{"href":"https:\/\/visionpeninsular.com\/mid\/wp-json\/wp\/v2\/posts"}],"about":[{"href":"https:\/\/visionpeninsular.com\/mid\/wp-json\/wp\/v2\/types\/post"}],"author":[{"embeddable":true,"href":"https:\/\/visionpeninsular.com\/mid\/wp-json\/wp\/v2\/users\/5"}],"replies":[{"embeddable":true,"href":"https:\/\/visionpeninsular.com\/mid\/wp-json\/wp\/v2\/comments?post=30946"}],"version-history":[{"count":1,"href":"https:\/\/visionpeninsular.com\/mid\/wp-json\/wp\/v2\/posts\/30946\/revisions"}],"predecessor-version":[{"id":30948,"href":"https:\/\/visionpeninsular.com\/mid\/wp-json\/wp\/v2\/posts\/30946\/revisions\/30948"}],"wp:featuredmedia":[{"embeddable":true,"href":"https:\/\/visionpeninsular.com\/mid\/wp-json\/wp\/v2\/media\/30947"}],"wp:attachment":[{"href":"https:\/\/visionpeninsular.com\/mid\/wp-json\/wp\/v2\/media?parent=30946"}],"wp:term":[{"taxonomy":"category","embeddable":true,"href":"https:\/\/visionpeninsular.com\/mid\/wp-json\/wp\/v2\/categories?post=30946"},{"taxonomy":"post_tag","embeddable":true,"href":"https:\/\/visionpeninsular.com\/mid\/wp-json\/wp\/v2\/tags?post=30946"}],"curies":[{"name":"wp","href":"https:\/\/api.w.org\/{rel}","templated":true}]}}