{"id":30441,"date":"2017-09-18T08:30:03","date_gmt":"2017-09-18T13:30:03","guid":{"rendered":"http:\/\/visionpeninsular.com\/mid\/?p=30441"},"modified":"2017-09-18T08:30:03","modified_gmt":"2017-09-18T13:30:03","slug":"chetumal-lugar-caro-vivir","status":"publish","type":"post","link":"https:\/\/visionpeninsular.com\/mid\/chetumal-lugar-caro-vivir\/","title":{"rendered":"Chetumal un lugar que es caro para vivir"},"content":{"rendered":"<p>Por si algo m\u00e1s en contra le faltaba a Chetumal llega un indicador del Inegi y una fuente que da a conocer un dato que parece una sentencia para una ciudad donde su alcalde con el cambio de parada de autobuses le cerr\u00f3 la puerta la turismo belice\u00f1o y en s\u00ed, no hay gran actividad comercial y de visitantes en ese punto del estado.<\/p>\n<p>El presidente del Colegio de Contadores\u00a0de Quintana Roo, Luis Alain Matos Arg\u00fcelles, afirm\u00f3 que Chetumal ocupa el primer lugar entre las ciudades m\u00e1s caras del pa\u00eds como consecuencia de sus altos \u00edndices inflacionarios y que superan la media nacional.<\/p>\n<p>Resalt\u00f3 que la capital resulta tan cara que es imposible para la gran mayor\u00eda de la familias poder comprar lo m\u00ednimo indispensable de la canasta b\u00e1sica.<\/p>\n<p>Aunque se\u00f1al\u00f3 que Chetumal se mantuvo durante varios meses entre de ciudades con variaciones dr\u00e1sticas en los precios al consumidor, a partir de la primera quincena de agosto incursion\u00f3 nuevamente en esa lista.<\/p>\n<p>Abund\u00f3 que la variaci\u00f3n porcentual en los precios de los productos al consumidor fue del 1.42%, cuando la media nacional es menor al 1%.<\/p>\n<blockquote><p><em>Los precios de la canasta b\u00e1sica se han elevado tanto que es imposible para los ciudadanos poder adquirir los insumos necesarios para su subsistencia\u201d, insisti\u00f3.<\/em><\/p><\/blockquote>\n<div class='share-to-whatsapp-wrapper'><div class='share-on-whsp'>Share on: <\/div><a data-text='Chetumal un lugar que es caro para vivir' data-link='https:\/\/visionpeninsular.com\/mid\/chetumal-lugar-caro-vivir\/' class='whatsapp-button whatsapp-share'>WhatsApp<\/a><div class='clear '><\/div><\/div>","protected":false},"excerpt":{"rendered":"<p>Por si algo m\u00e1s en contra le faltaba a Chetumal llega un indicador del Inegi y una fuente que da a conocer un dato que parece una sentencia para una ciudad donde su alcalde con el cambio de parada de autobuses le cerr\u00f3 la puerta la turismo belice\u00f1o y en s\u00ed, no hay gran actividad &hellip;<\/p>\n","protected":false},"author":1,"featured_media":30443,"comment_status":"open","ping_status":"open","sticky":false,"template":"","format":"standard","meta":{"_mi_skip_tracking":false},"categories":[48],"tags":[8239,1714],"_links":{"self":[{"href":"https:\/\/visionpeninsular.com\/mid\/wp-json\/wp\/v2\/posts\/30441"}],"collection":[{"href":"https:\/\/visionpeninsular.com\/mid\/wp-json\/wp\/v2\/posts"}],"about":[{"href":"https:\/\/visionpeninsular.com\/mid\/wp-json\/wp\/v2\/types\/post"}],"author":[{"embeddable":true,"href":"https:\/\/visionpeninsular.com\/mid\/wp-json\/wp\/v2\/users\/1"}],"replies":[{"embeddable":true,"href":"https:\/\/visionpeninsular.com\/mid\/wp-json\/wp\/v2\/comments?post=30441"}],"version-history":[{"count":1,"href":"https:\/\/visionpeninsular.com\/mid\/wp-json\/wp\/v2\/posts\/30441\/revisions"}],"predecessor-version":[{"id":30444,"href":"https:\/\/visionpeninsular.com\/mid\/wp-json\/wp\/v2\/posts\/30441\/revisions\/30444"}],"wp:featuredmedia":[{"embeddable":true,"href":"https:\/\/visionpeninsular.com\/mid\/wp-json\/wp\/v2\/media\/30443"}],"wp:attachment":[{"href":"https:\/\/visionpeninsular.com\/mid\/wp-json\/wp\/v2\/media?parent=30441"}],"wp:term":[{"taxonomy":"category","embeddable":true,"href":"https:\/\/visionpeninsular.com\/mid\/wp-json\/wp\/v2\/categories?post=30441"},{"taxonomy":"post_tag","embeddable":true,"href":"https:\/\/visionpeninsular.com\/mid\/wp-json\/wp\/v2\/tags?post=30441"}],"curies":[{"name":"wp","href":"https:\/\/api.w.org\/{rel}","templated":true}]}}