{"id":30402,"date":"2017-09-16T12:15:53","date_gmt":"2017-09-16T17:15:53","guid":{"rendered":"http:\/\/visionpeninsular.com\/mid\/?p=30402"},"modified":"2017-09-16T12:15:53","modified_gmt":"2017-09-16T17:15:53","slug":"celebran-100-anos-la-colonia-jesus-carranza","status":"publish","type":"post","link":"https:\/\/visionpeninsular.com\/mid\/celebran-100-anos-la-colonia-jesus-carranza\/","title":{"rendered":"Celebran 100 a\u00f1os de la colonia Jes\u00fas Carranza"},"content":{"rendered":"<p>Entre recuerdos, ambiente familiar y reencuentro de amistades, vecinos de la colonia Jes\u00fas Carranza celebraron el centenario de esta zona habitacional, que ha dado a Yucat\u00e1n ilustres personajes en el deporte, pol\u00edtica, academia y cultura, entre otros rubros.<\/p>\n<p>En representaci\u00f3n del titular de Poder Ejecutivo, Rolando Zapata Bello, el secretario General de Gobierno, Roberto Rodr\u00edguez Asaf, asisti\u00f3 al convivio por dicho festejo que estuvo enmarcado por historias acerca de su fundaci\u00f3n. \u00c9sta es considerada la primera colonia obrera de la capital yucateca.<\/p>\n<p>Ante Ofelia Bello Paredes, madre del mandatario y vecina del rumbo, el funcionario expres\u00f3 un reconocimiento y agradecimiento a los habitantes de ah\u00ed por crear comunidad y mantener viva la armon\u00eda, lo que es un ejemplo para la entidad. Adem\u00e1s, agreg\u00f3, son promotores de historia y de tradiciones.<\/p>\n<p>&#8220;No es coincidencia que estemos celebrando el centenario de la planeaci\u00f3n de la Carranza el mismo a\u00f1o que conmemoramos el centenario de nuestra Carta Magna, no es coincidencia que el nombre est\u00e9 ligado a una familia que luch\u00f3 por la democracia\u201d, apunt\u00f3.<\/p>\n<p>Por ello, continu\u00f3 desde el parque del complejo habitacional, no debe sorprendernos que cuando nos \u00a0refiramos a este lugar nos venga a la mente mujeres y hombres que dieron la vida por sus ideales, la democracia y nuestro pa\u00eds.<\/p>\n<p>Ante el secretario de la Cultura y las Artes, Roger Metri Duarte, y el doctor Gabriel Zapata Bello, el reconocido futbolista Jorge Escobar Fajardo habl\u00f3 acerca de la fundaci\u00f3n de la colonia a cargo del general Salvador Alvarado junto con los primeros habitantes, como un acto de justicia a los trabajadores ferrocarrileros por sus esfuerzos en las labores para el desarrollo del pa\u00eds.<\/p>\n<p>El tambi\u00e9n vecino coment\u00f3 que el espacio llevar\u00eda el nombre de mencionado gendarme, pero \u00e9ste propuso, \u00a0como un gesto de humildad, llamarlo Jes\u00fas Carranza, en honor a este militar sonorense, hermano de Venustiano Carranza y que recientemente hab\u00eda fallecido. Adem\u00e1s, record\u00f3 a personajes que nacieron en esta zona que han sido pilares fundamentales en diversos rubros en el estado.<\/p>\n<p>Durante el convivio, el titular de la SGG entreg\u00f3 reconocimientos a destacados deportistas como el pelotero y miembro del Sal\u00f3n de la Fama William Berzunza Le\u00f3n, el beisbolista Leonel \u201cCoronel\u201d Aldama, el ex campe\u00f3n nacional de boxeo Margarito Lozana Ceballos y el primer jugador de la Carranza en militar en Primera Divisi\u00f3n de Yucat\u00e1n, Jorge Escobar Fajardo.<\/p>\n<p>Posteriormente, realiz\u00f3 el primer lanzamiento del juego de b\u00e9isbol conmemorativo<\/p>\n<div class='share-to-whatsapp-wrapper'><div class='share-on-whsp'>Share on: <\/div><a data-text='Celebran 100 a\u00f1os de la colonia Jes\u00fas Carranza' data-link='https:\/\/visionpeninsular.com\/mid\/celebran-100-anos-la-colonia-jesus-carranza\/' class='whatsapp-button whatsapp-share'>WhatsApp<\/a><div class='clear '><\/div><\/div>","protected":false},"excerpt":{"rendered":"<p>Entre recuerdos, ambiente familiar y reencuentro de amistades, vecinos de la colonia Jes\u00fas Carranza celebraron el centenario de esta zona habitacional, que ha dado a Yucat\u00e1n ilustres personajes en el deporte, pol\u00edtica, academia y cultura, entre otros rubros. En representaci\u00f3n del titular de Poder Ejecutivo, Rolando Zapata Bello, el secretario General de Gobierno, Roberto Rodr\u00edguez &hellip;<\/p>\n","protected":false},"author":5,"featured_media":30404,"comment_status":"open","ping_status":"open","sticky":false,"template":"","format":"standard","meta":{"_mi_skip_tracking":false},"categories":[50,37],"tags":[913,4064,2465,8229],"_links":{"self":[{"href":"https:\/\/visionpeninsular.com\/mid\/wp-json\/wp\/v2\/posts\/30402"}],"collection":[{"href":"https:\/\/visionpeninsular.com\/mid\/wp-json\/wp\/v2\/posts"}],"about":[{"href":"https:\/\/visionpeninsular.com\/mid\/wp-json\/wp\/v2\/types\/post"}],"author":[{"embeddable":true,"href":"https:\/\/visionpeninsular.com\/mid\/wp-json\/wp\/v2\/users\/5"}],"replies":[{"embeddable":true,"href":"https:\/\/visionpeninsular.com\/mid\/wp-json\/wp\/v2\/comments?post=30402"}],"version-history":[{"count":1,"href":"https:\/\/visionpeninsular.com\/mid\/wp-json\/wp\/v2\/posts\/30402\/revisions"}],"predecessor-version":[{"id":30405,"href":"https:\/\/visionpeninsular.com\/mid\/wp-json\/wp\/v2\/posts\/30402\/revisions\/30405"}],"wp:featuredmedia":[{"embeddable":true,"href":"https:\/\/visionpeninsular.com\/mid\/wp-json\/wp\/v2\/media\/30404"}],"wp:attachment":[{"href":"https:\/\/visionpeninsular.com\/mid\/wp-json\/wp\/v2\/media?parent=30402"}],"wp:term":[{"taxonomy":"category","embeddable":true,"href":"https:\/\/visionpeninsular.com\/mid\/wp-json\/wp\/v2\/categories?post=30402"},{"taxonomy":"post_tag","embeddable":true,"href":"https:\/\/visionpeninsular.com\/mid\/wp-json\/wp\/v2\/tags?post=30402"}],"curies":[{"name":"wp","href":"https:\/\/api.w.org\/{rel}","templated":true}]}}