{"id":30236,"date":"2017-09-14T08:48:17","date_gmt":"2017-09-14T13:48:17","guid":{"rendered":"http:\/\/visionpeninsular.com\/mid\/?p=30236"},"modified":"2017-09-14T08:48:17","modified_gmt":"2017-09-14T13:48:17","slug":"fallece-hipopotamo-andres-en-zoologico-chetumal","status":"publish","type":"post","link":"https:\/\/visionpeninsular.com\/mid\/fallece-hipopotamo-andres-en-zoologico-chetumal\/","title":{"rendered":"Fallece hipop\u00f3tamo &#8220;Andr\u00e9s&#8221; en zool\u00f3gico de Chetumal"},"content":{"rendered":"<p>A unos meses de cumplir 45 a\u00f1os de edad, el hipop\u00f3tamo \u201cAndr\u00e9s\u201d falleci\u00f3 esta ma\u00f1ana, en el Zool\u00f3gico Payo Obispo de la capital del estado, a consecuencia de su avanzada edad.<\/p>\n<p>En entrevista, el director del zool\u00f3gico, Roger Braga Gonz\u00e1lez, inform\u00f3 que el ejemplar hipop\u00f3tamo anfibio, desde el a\u00f1o pasado empez\u00f3 a manifestar signos f\u00edsicos propios de la edad, como letargia, disminuci\u00f3n de actividad e inapetencia, s\u00edntomas que se hac\u00edan m\u00e1s evidentes durante la temporada invernal o de lluvias.<\/p>\n<p>El funcionario agreg\u00f3 que, por su edad, de manera f\u00edsica se empez\u00f3 a observar un deterioro paulatino de la visi\u00f3n del ojo derecho, p\u00e9rdida total de la vista en el ojo izquierdo, asociado a cataratas, problemas en articulaciones y dentales.<\/p>\n<p>Braga Gonz\u00e1lez explic\u00f3 que el deterioro f\u00edsico se acrecent\u00f3 hasta provocar fallas en sus sistemas y \u00f3rganos.<\/p>\n<p>Coment\u00f3 que el hipop\u00f3tamo \u201cAndr\u00e9s\u201d iba a cumplir 45 a\u00f1os de vida en diciembre pr\u00f3ximo, lo que en la vida humana serian aproximadamente de 80 a 90 a\u00f1os de edad.<\/p>\n<p>Asimismo, se\u00f1al\u00f3 que durante su fase geri\u00e1trica, el personal del zool\u00f3gico le brind\u00f3 todas las atenciones y cuidados necesarios para una adecuada calidad de vida, sumado a asesor\u00edas solicitadas con especialistas de los Zool\u00f3gicos de Morelia y Zacango, quienes dieron sus opiniones t\u00e9cnicas acerca del ejemplar y los cuidados a proporcionar.<\/p>\n<p>Por todo ello, refiri\u00f3 que que el personal a su cargo lament\u00f3 y visitantes externos lamentaron la noticia.<\/p>\n<div class='share-to-whatsapp-wrapper'><div class='share-on-whsp'>Share on: <\/div><a data-text='Fallece hipop\u00f3tamo \"Andr\u00e9s\" en zool\u00f3gico de Chetumal' data-link='https:\/\/visionpeninsular.com\/mid\/fallece-hipopotamo-andres-en-zoologico-chetumal\/' class='whatsapp-button whatsapp-share'>WhatsApp<\/a><div class='clear '><\/div><\/div>","protected":false},"excerpt":{"rendered":"<p>A unos meses de cumplir 45 a\u00f1os de edad, el hipop\u00f3tamo \u201cAndr\u00e9s\u201d falleci\u00f3 esta ma\u00f1ana, en el Zool\u00f3gico Payo Obispo de la capital del estado, a consecuencia de su avanzada edad. En entrevista, el director del zool\u00f3gico, Roger Braga Gonz\u00e1lez, inform\u00f3 que el ejemplar hipop\u00f3tamo anfibio, desde el a\u00f1o pasado empez\u00f3 a manifestar signos f\u00edsicos &hellip;<\/p>\n","protected":false},"author":1,"featured_media":30238,"comment_status":"open","ping_status":"open","sticky":false,"template":"","format":"standard","meta":{"_mi_skip_tracking":false},"categories":[48],"tags":[8188,8187],"_links":{"self":[{"href":"https:\/\/visionpeninsular.com\/mid\/wp-json\/wp\/v2\/posts\/30236"}],"collection":[{"href":"https:\/\/visionpeninsular.com\/mid\/wp-json\/wp\/v2\/posts"}],"about":[{"href":"https:\/\/visionpeninsular.com\/mid\/wp-json\/wp\/v2\/types\/post"}],"author":[{"embeddable":true,"href":"https:\/\/visionpeninsular.com\/mid\/wp-json\/wp\/v2\/users\/1"}],"replies":[{"embeddable":true,"href":"https:\/\/visionpeninsular.com\/mid\/wp-json\/wp\/v2\/comments?post=30236"}],"version-history":[{"count":1,"href":"https:\/\/visionpeninsular.com\/mid\/wp-json\/wp\/v2\/posts\/30236\/revisions"}],"predecessor-version":[{"id":30239,"href":"https:\/\/visionpeninsular.com\/mid\/wp-json\/wp\/v2\/posts\/30236\/revisions\/30239"}],"wp:featuredmedia":[{"embeddable":true,"href":"https:\/\/visionpeninsular.com\/mid\/wp-json\/wp\/v2\/media\/30238"}],"wp:attachment":[{"href":"https:\/\/visionpeninsular.com\/mid\/wp-json\/wp\/v2\/media?parent=30236"}],"wp:term":[{"taxonomy":"category","embeddable":true,"href":"https:\/\/visionpeninsular.com\/mid\/wp-json\/wp\/v2\/categories?post=30236"},{"taxonomy":"post_tag","embeddable":true,"href":"https:\/\/visionpeninsular.com\/mid\/wp-json\/wp\/v2\/tags?post=30236"}],"curies":[{"name":"wp","href":"https:\/\/api.w.org\/{rel}","templated":true}]}}