{"id":30224,"date":"2017-09-14T07:56:26","date_gmt":"2017-09-14T12:56:26","guid":{"rendered":"http:\/\/visionpeninsular.com\/mid\/?p=30224"},"modified":"2017-09-14T07:56:26","modified_gmt":"2017-09-14T12:56:26","slug":"hoy-cierre-convocatoria-asi-campeche","status":"publish","type":"post","link":"https:\/\/visionpeninsular.com\/mid\/hoy-cierre-convocatoria-asi-campeche\/","title":{"rendered":"Hoy, cierre de convocatoria \u201cAs\u00ed es Campeche\u201d"},"content":{"rendered":"<p>La Universidad Aut\u00f3noma de Campeche, a trav\u00e9s de la Direcci\u00f3n General de Difusi\u00f3n Cultural cierra la convocatoria del Concurso de Fotograf\u00eda \u201cAs\u00ed es Campeche\u201d 2017, este jueves 14 de septiembre a las 20:00 Hrs. Concurso en el que podr\u00e1n participar todos los fot\u00f3grafos aficionados y profesionales que residan en el Estado de Campeche.<\/p>\n<p>El tema principal en este concurso fotogr\u00e1fico es \u201cAs\u00ed es Campeche\u201d por lo cual se recibir\u00e1n fotograf\u00edas que reflejen la esencia del Estado; como inspiraci\u00f3n se podr\u00e1n captar los atractivos naturales, la arquitectura, las costumbres y todo aquello relacionado con el d\u00eda a d\u00eda campechano. Todos los trabajos fotogr\u00e1ficos deber\u00e1n ser in\u00e9ditos y entregados en formato digital dentro de un CD o DVD para poder entrar a concurso.<\/p>\n<p>Este concurso se realiza en dos fases. La primera, corresponde a la Preselecci\u00f3n, en donde se elegir\u00e1n los trabajos entregados de forma digital que formar\u00e1n parte de una exposici\u00f3n que ser\u00e1 abierta al p\u00fablico. La segunda fase corresponde a la Selecci\u00f3n de las obras ganadoras de los tres primeros lugares de ambas categor\u00edas, \u201cColor\u201d y \u201cBlanco y negro\u201d.<\/p>\n<div class='share-to-whatsapp-wrapper'><div class='share-on-whsp'>Share on: <\/div><a data-text='Hoy, cierre de convocatoria \u201cAs\u00ed es Campeche\u201d' data-link='https:\/\/visionpeninsular.com\/mid\/hoy-cierre-convocatoria-asi-campeche\/' class='whatsapp-button whatsapp-share'>WhatsApp<\/a><div class='clear '><\/div><\/div>","protected":false},"excerpt":{"rendered":"<p>La Universidad Aut\u00f3noma de Campeche, a trav\u00e9s de la Direcci\u00f3n General de Difusi\u00f3n Cultural cierra la convocatoria del Concurso de Fotograf\u00eda \u201cAs\u00ed es Campeche\u201d 2017, este jueves 14 de septiembre a las 20:00 Hrs. Concurso en el que podr\u00e1n participar todos los fot\u00f3grafos aficionados y profesionales que residan en el Estado de Campeche. El tema &hellip;<\/p>\n","protected":false},"author":1,"featured_media":30226,"comment_status":"open","ping_status":"open","sticky":false,"template":"","format":"standard","meta":{"_mi_skip_tracking":false},"categories":[46],"tags":[8185,924],"_links":{"self":[{"href":"https:\/\/visionpeninsular.com\/mid\/wp-json\/wp\/v2\/posts\/30224"}],"collection":[{"href":"https:\/\/visionpeninsular.com\/mid\/wp-json\/wp\/v2\/posts"}],"about":[{"href":"https:\/\/visionpeninsular.com\/mid\/wp-json\/wp\/v2\/types\/post"}],"author":[{"embeddable":true,"href":"https:\/\/visionpeninsular.com\/mid\/wp-json\/wp\/v2\/users\/1"}],"replies":[{"embeddable":true,"href":"https:\/\/visionpeninsular.com\/mid\/wp-json\/wp\/v2\/comments?post=30224"}],"version-history":[{"count":1,"href":"https:\/\/visionpeninsular.com\/mid\/wp-json\/wp\/v2\/posts\/30224\/revisions"}],"predecessor-version":[{"id":30227,"href":"https:\/\/visionpeninsular.com\/mid\/wp-json\/wp\/v2\/posts\/30224\/revisions\/30227"}],"wp:featuredmedia":[{"embeddable":true,"href":"https:\/\/visionpeninsular.com\/mid\/wp-json\/wp\/v2\/media\/30226"}],"wp:attachment":[{"href":"https:\/\/visionpeninsular.com\/mid\/wp-json\/wp\/v2\/media?parent=30224"}],"wp:term":[{"taxonomy":"category","embeddable":true,"href":"https:\/\/visionpeninsular.com\/mid\/wp-json\/wp\/v2\/categories?post=30224"},{"taxonomy":"post_tag","embeddable":true,"href":"https:\/\/visionpeninsular.com\/mid\/wp-json\/wp\/v2\/tags?post=30224"}],"curies":[{"name":"wp","href":"https:\/\/api.w.org\/{rel}","templated":true}]}}