{"id":29721,"date":"2017-09-05T06:14:26","date_gmt":"2017-09-05T11:14:26","guid":{"rendered":"http:\/\/visionpeninsular.com\/mid\/?p=29721"},"modified":"2017-09-05T06:14:26","modified_gmt":"2017-09-05T11:14:26","slug":"ayuntamiento-fomenta-emprendimiento-jovenes-estudiantes","status":"publish","type":"post","link":"https:\/\/visionpeninsular.com\/mid\/ayuntamiento-fomenta-emprendimiento-jovenes-estudiantes\/","title":{"rendered":"El Ayuntamiento fomenta el emprendimiento entre j\u00f3venes estudiantes"},"content":{"rendered":"<p>&nbsp;<\/p>\n<p><em>Inaugura el Centro de Emprendedores del CBTIS 120<\/em><\/p>\n<p>En apoyo solidario a la educaci\u00f3n de los j\u00f3venes para el desarrollo de su potencial, de manera que logren una mejor calidad de vida, el Ayuntamiento realiza diferentes acciones a trav\u00e9s de programas, becas y mejoramiento de infraestructura, indic\u00f3 el alcalde Mauricio Vila Dosal.<\/p>\n<p>Record\u00f3 que el Ayuntamiento se asume como facilitador e impulsor de la inversi\u00f3n para mantener a M\u00e9rida como la mejor ciudad para vivir e invertir, posici\u00f3n que ha logrado gracias a la calidad de sus servicios y a las facilidades que otorga para abrir negocios.<\/p>\n<p>Consider\u00f3 que para mantener un entorno que permita ampliar las oportunidades para todos es indispensable mejorar las oportunidades de educaci\u00f3n de ni\u00f1os y j\u00f3venes, a fin de que est\u00e9n mejor preparados para enfrentar retos futuros<\/p>\n<p>Por lo anterior, se\u00f1al\u00f3, y aunque no es competencia municipal, el Ayuntamiento apoya de manera subsidiaria la educaci\u00f3n a trav\u00e9s de la construcci\u00f3n de infraestructura educativa que incluye aulas, techado de canchas de usos m\u00faltiple, entre otras acciones.<\/p>\n<p>Mauricio Vila encabez\u00f3 esta ma\u00f1ana la inauguraci\u00f3n del Centro de Emprendedores del CBTIS 120.<\/p>\n<p>\u2014Estamos muy contentos de venir a inaugurar este centro, que se concret\u00f3 con la suma de voluntades del CBTIS, el Ayuntamiento y el diputado Joaqu\u00edn D\u00edaz Mena \u2014indic\u00f3.<\/p>\n<p>Consider\u00f3 que el convertirse en emprendedores, los j\u00f3venes ser\u00e1n a futuro quienes creen empleos que ayuden a mejorar la calidad de vida de los meridanos.<\/p>\n<p>Recalc\u00f3 que en el rengl\u00f3n del empleo, en 2016 en M\u00e9rida se generaron 12,000 nuevos empleos, 25% m\u00e1s que en 2015, y este a\u00f1o se espera superar los 16,000.<\/p>\n<p>Muchos de esos empleos los generan j\u00f3venes emprendedores, que tambi\u00e9n pueden acudir al Ayuntamiento para comenzar su negocio, con pr\u00e9stamos de hasta 100,000 a trav\u00e9s del programa Micromer.<\/p>\n<p>Tambi\u00e9n se ofrece apoyo para quienes desean seguir estudiando \u2014dijo\u2014. Como parte del apoyo a la educaci\u00f3n, este a\u00f1o el Ayuntamiento ha puesto a disposici\u00f3n de los estudiantes m\u00e1s de 8,000 becas.<\/p>\n<p>El alcalde record\u00f3 que para estudiantes de nivel b\u00e1sico este ciclo escolar se ofrecieron 4,000 becas, contra las 2,700 que se otorgaban el inicio de la actual administraci\u00f3n, lo que representa un aumento de 45% en ese tipo de apoyos.<\/p>\n<p>Agreg\u00f3 que tambi\u00e9n en coordinaci\u00f3n con universidades y escuelas particulares, este a\u00f1o se ofrecieron m\u00e1s de 4,000 becas para estudios de nivel medio y superior con descuentos que van del 10 al 100% en colegiaturas e inscripci\u00f3n en instituciones particulares para quienes no tuvieron oportunidad de ingresar a una p\u00fablica y en breve se dar\u00eda a conocer la convocatoria para 2,000 apoyos m\u00e1s de ese tipo enfocado quienes estudian los primeros semestres de su carrera.<\/p>\n<p>Parte del impulso a la apertura de negocios es que M\u00e9rida cuenta con el Sistema de Mejora Regulatoria n\u00famero uno de M\u00e9xico y ya puso en funcionamiento el primer Centro de Emprendedores del pa\u00eds impulsado por un ayuntamiento.<\/p>\n<p>Tambi\u00e9n cuenta con el Sistema de Apertura R\u00e1pida de Empresas, hasta la fecha han recibido apoyo m\u00e1s de 4,000 emprendedores.<\/p>\n<p>Por su parte, el diputado federal Joaqu\u00edn D\u00edaz Mena, subray\u00f3 que el director del plantel, Ramanuj\u00e1n G\u00f3mez Herrera, al principio no cre\u00eda posible lograr el apoyo, pero desde el primer momento en que el legislador plante\u00f3 el proyecto al alcalde Vila Dosal \u00e9ste lo asumi\u00f3 con inter\u00e9s y dispuso la inmediata ejecuci\u00f3n del mismo.<\/p>\n<p>\u2014Como legislador agradezco el inter\u00e9s y la preocupaci\u00f3n del Ayuntamiento que encabeza Mauricio Vila por la educaci\u00f3n de los meridanos y hoy tenemos una prueba de ello \u2014expres\u00f3.<\/p>\n<p>Alvaranti Boj\u00f3rquez Brice\u00f1o, jefe del departamento de Investigaci\u00f3n y Proyectos Acad\u00e9micos del CBTIS 120, asegur\u00f3 que el ofrecer a los j\u00f3venes un espacio en el cual puedan desarrollar su entusiasmo en el emprendedurismo es muy positivo y habla bien de las autoridades que se encargan de impulsarlos con acciones como esta.<\/p>\n<p>La alumna Andrea Estrella Contreras del 5\u00b0 semestre grupo A e integrante del grupo de un proyecto que utiliza la tecnolog\u00eda educativa para motivar y abrir horizontes en la construcci\u00f3n de prototipos, agradeci\u00f3 a las autoridades municipales por construir espacios en donde ellos se puedan desenvolver con mayor facilidad para la creaci\u00f3n de sus trabajos.<\/p>\n<p>Luego del acto protocolario, en el que el alcalde entreg\u00f3 a la maestra Elsy Yazm\u00edn Perera Ferr\u00e1ez un reconocimiento por 25 a\u00f1os de servicio, Mauricio Vila cort\u00f3 el list\u00f3n inaugural del Centro de Emprendedores y recorri\u00f3 el nuevo espacio educativo, donde los alumnos le mostraron proyectos en marcha, como la elaboraci\u00f3n de un insecticida ecol\u00f3gico, un motor dise\u00f1ado para el ahorro de combustible y el transporte alternativo y otro que utiliza tecnolog\u00eda para la construcci\u00f3n de prototipos.<\/p>\n<div class='share-to-whatsapp-wrapper'><div class='share-on-whsp'>Share on: <\/div><a data-text='El Ayuntamiento fomenta el emprendimiento entre j\u00f3venes estudiantes' data-link='https:\/\/visionpeninsular.com\/mid\/ayuntamiento-fomenta-emprendimiento-jovenes-estudiantes\/' class='whatsapp-button whatsapp-share'>WhatsApp<\/a><div class='clear '><\/div><\/div>","protected":false},"excerpt":{"rendered":"<p>&nbsp; Inaugura el Centro de Emprendedores del CBTIS 120 En apoyo solidario a la educaci\u00f3n de los j\u00f3venes para el desarrollo de su potencial, de manera que logren una mejor calidad de vida, el Ayuntamiento realiza diferentes acciones a trav\u00e9s de programas, becas y mejoramiento de infraestructura, indic\u00f3 el alcalde Mauricio Vila Dosal. Record\u00f3 que &hellip;<\/p>\n","protected":false},"author":5,"featured_media":29723,"comment_status":"open","ping_status":"open","sticky":false,"template":"","format":"standard","meta":{"_mi_skip_tracking":false},"categories":[49,37],"tags":[8051,8050,292,549,40],"_links":{"self":[{"href":"https:\/\/visionpeninsular.com\/mid\/wp-json\/wp\/v2\/posts\/29721"}],"collection":[{"href":"https:\/\/visionpeninsular.com\/mid\/wp-json\/wp\/v2\/posts"}],"about":[{"href":"https:\/\/visionpeninsular.com\/mid\/wp-json\/wp\/v2\/types\/post"}],"author":[{"embeddable":true,"href":"https:\/\/visionpeninsular.com\/mid\/wp-json\/wp\/v2\/users\/5"}],"replies":[{"embeddable":true,"href":"https:\/\/visionpeninsular.com\/mid\/wp-json\/wp\/v2\/comments?post=29721"}],"version-history":[{"count":1,"href":"https:\/\/visionpeninsular.com\/mid\/wp-json\/wp\/v2\/posts\/29721\/revisions"}],"predecessor-version":[{"id":29724,"href":"https:\/\/visionpeninsular.com\/mid\/wp-json\/wp\/v2\/posts\/29721\/revisions\/29724"}],"wp:featuredmedia":[{"embeddable":true,"href":"https:\/\/visionpeninsular.com\/mid\/wp-json\/wp\/v2\/media\/29723"}],"wp:attachment":[{"href":"https:\/\/visionpeninsular.com\/mid\/wp-json\/wp\/v2\/media?parent=29721"}],"wp:term":[{"taxonomy":"category","embeddable":true,"href":"https:\/\/visionpeninsular.com\/mid\/wp-json\/wp\/v2\/categories?post=29721"},{"taxonomy":"post_tag","embeddable":true,"href":"https:\/\/visionpeninsular.com\/mid\/wp-json\/wp\/v2\/tags?post=29721"}],"curies":[{"name":"wp","href":"https:\/\/api.w.org\/{rel}","templated":true}]}}