{"id":2956,"date":"2016-05-04T06:22:26","date_gmt":"2016-05-04T11:22:26","guid":{"rendered":"http:\/\/visionpeninsular.com\/mid\/?p=2956"},"modified":"2016-05-04T06:22:26","modified_gmt":"2016-05-04T11:22:26","slug":"campeche-se-reune-con-representantes-turisticos-de-la-zona-maya-buscan-proyecto-conjunto-para-incentivar-captacion-turistica","status":"publish","type":"post","link":"https:\/\/visionpeninsular.com\/mid\/campeche-se-reune-con-representantes-turisticos-de-la-zona-maya-buscan-proyecto-conjunto-para-incentivar-captacion-turistica\/","title":{"rendered":"Campeche se re\u00fane con representantes tur\u00edsticos de la Zona Maya &#8211; Buscan proyecto conjunto para incentivar captaci\u00f3n tur\u00edstica"},"content":{"rendered":"<p>Jorge Manos Esparragoza, titular de la Secretar\u00eda de Turismo del Estado (SECTUR) se\u00f1al\u00f3 que como parte de la participaci\u00f3n de Campeche en el Tianguis Tur\u00edstico 2016, se reunieron con representantes de la Aerol\u00ednea Transportes A\u00e9reos Regionales (TAR) de la ruta maya para preparar mayores conexiones en la zona.<\/p>\n<p>El funcionario se\u00f1al\u00f3 que estas reuniones permitieron negocias mejores estrategias de conectividad para el Estado, con la intenci\u00f3n de conseguir mejores tiempos y tarifas para que los viajeros se interesen por la Entidad.<\/p>\n<p>Record\u00f3 que el Gobierno Federal tiene el compromiso de impulsar el desarrollo regional y consolidar el turismo como prioridad nacional.<\/p>\n<p>Exhort\u00f3 a la iniciativa privada a sumarse a estas acciones para que con un proyecto conjunto se incentive el incremento en la captaci\u00f3n tur\u00edstica. <\/p>\n<div class='share-to-whatsapp-wrapper'><div class='share-on-whsp'>Share on: <\/div><a data-text='Campeche se re\u00fane con representantes tur\u00edsticos de la Zona Maya - Buscan proyecto conjunto para incentivar captaci\u00f3n tur\u00edstica' data-link='https:\/\/visionpeninsular.com\/mid\/campeche-se-reune-con-representantes-turisticos-de-la-zona-maya-buscan-proyecto-conjunto-para-incentivar-captacion-turistica\/' class='whatsapp-button whatsapp-share'>WhatsApp<\/a><div class='clear '><\/div><\/div>","protected":false},"excerpt":{"rendered":"<p>Jorge Manos Esparragoza, titular de la Secretar\u00eda de Turismo del Estado (SECTUR) se\u00f1al\u00f3 que como parte de la participaci\u00f3n de Campeche en el Tianguis Tur\u00edstico 2016, se reunieron con representantes de la Aerol\u00ednea Transportes A\u00e9reos Regionales (TAR) de la ruta maya para preparar mayores conexiones en la zona. El funcionario se\u00f1al\u00f3 que estas reuniones permitieron &hellip;<\/p>\n","protected":false},"author":1,"featured_media":2957,"comment_status":"open","ping_status":"open","sticky":false,"template":"","format":"standard","meta":{"_mi_skip_tracking":false},"categories":[46],"tags":[636],"_links":{"self":[{"href":"https:\/\/visionpeninsular.com\/mid\/wp-json\/wp\/v2\/posts\/2956"}],"collection":[{"href":"https:\/\/visionpeninsular.com\/mid\/wp-json\/wp\/v2\/posts"}],"about":[{"href":"https:\/\/visionpeninsular.com\/mid\/wp-json\/wp\/v2\/types\/post"}],"author":[{"embeddable":true,"href":"https:\/\/visionpeninsular.com\/mid\/wp-json\/wp\/v2\/users\/1"}],"replies":[{"embeddable":true,"href":"https:\/\/visionpeninsular.com\/mid\/wp-json\/wp\/v2\/comments?post=2956"}],"version-history":[{"count":1,"href":"https:\/\/visionpeninsular.com\/mid\/wp-json\/wp\/v2\/posts\/2956\/revisions"}],"predecessor-version":[{"id":2958,"href":"https:\/\/visionpeninsular.com\/mid\/wp-json\/wp\/v2\/posts\/2956\/revisions\/2958"}],"wp:featuredmedia":[{"embeddable":true,"href":"https:\/\/visionpeninsular.com\/mid\/wp-json\/wp\/v2\/media\/2957"}],"wp:attachment":[{"href":"https:\/\/visionpeninsular.com\/mid\/wp-json\/wp\/v2\/media?parent=2956"}],"wp:term":[{"taxonomy":"category","embeddable":true,"href":"https:\/\/visionpeninsular.com\/mid\/wp-json\/wp\/v2\/categories?post=2956"},{"taxonomy":"post_tag","embeddable":true,"href":"https:\/\/visionpeninsular.com\/mid\/wp-json\/wp\/v2\/tags?post=2956"}],"curies":[{"name":"wp","href":"https:\/\/api.w.org\/{rel}","templated":true}]}}