{"id":2953,"date":"2016-05-04T06:13:50","date_gmt":"2016-05-04T11:13:50","guid":{"rendered":"http:\/\/visionpeninsular.com\/mid\/?p=2953"},"modified":"2016-05-04T06:13:50","modified_gmt":"2016-05-04T11:13:50","slug":"firma-alcalde-de-el-carmen-convenio-para-mando-operativo-en-materia-de-seguridad","status":"publish","type":"post","link":"https:\/\/visionpeninsular.com\/mid\/firma-alcalde-de-el-carmen-convenio-para-mando-operativo-en-materia-de-seguridad\/","title":{"rendered":"Firma Alcalde de El Carmen convenio para Mando Operativo en materia de Seguridad"},"content":{"rendered":"<p>Autoridades estatales y municipales firmaron el convenio de coordinaci\u00f3n total del Mando Operativo en materia de seguridad, que ratifica el compromiso de garantizar a la poblaci\u00f3n carmelita un clima de paz y tranquilidad.<\/p>\n<p>El acuerdo, firmado por el gobernador Alejandro Moreno C\u00e1rdenas y el alcalde Pablo Guti\u00e9rrez Lazarus, permitir\u00e1 establecer una estrecha colaboraci\u00f3n entre el estado y el municipio en las tareas de prevenci\u00f3n, vigilancia y combate a la delincuencia.<\/p>\n<p>Moreno C\u00e1rdenas hizo un reconocimiento a la voluntad pol\u00edtica del edil y de los integrantes del Cabildo, por sumarse al trabajo de coordinaci\u00f3n y colaboraci\u00f3n interinstitucional que permitir\u00e1 reforzar las acciones y atender con mayor celeridad los temas de seguridad que preocupan a las familias.<\/p>\n<p>Recalc\u00f3 que con este acuerdo de coordinaci\u00f3n total Campeche se seguir\u00e1 fortaleciendo como la entidad con el menor \u00edndice delictivo del pa\u00eds, como lo avalan los reportes del Sistema Nacional de Seguridad P\u00fablica.<\/p>\n<p>En un comunicado, se se\u00f1al\u00f3 que con la firma del convenio se acuerda que el gobierno estatal, a trav\u00e9s de la Secretar\u00eda de Seguridad P\u00fablica, designe a un coordinador operativo de la Polic\u00eda Municipal con residencia en Carmen; organice, dirija, supervise y eval\u00fae al cuerpo polic\u00edaco.<\/p>\n<p>Adem\u00e1s de implementar acciones que conforme al Sistema Nacional de Seguridad Publica deban establecerse para los controles de confianza, y respalde con equipamiento y capacitaci\u00f3n a los elementos municipales, entre otros temas.<\/p>\n<p>En tanto, la autoridad municipal se compromete a designar a un coordinador administrativo, ofrecer capacitaci\u00f3n a los cuerpos polic\u00edacos y establecer la comisi\u00f3n de recompensa y est\u00edmulos, as\u00ed como la del servicio profesional de la carrera policial, entre otros puntos.<\/p>\n<div class='share-to-whatsapp-wrapper'><div class='share-on-whsp'>Share on: <\/div><a data-text='Firma Alcalde de El Carmen convenio para Mando Operativo en materia de Seguridad' data-link='https:\/\/visionpeninsular.com\/mid\/firma-alcalde-de-el-carmen-convenio-para-mando-operativo-en-materia-de-seguridad\/' class='whatsapp-button whatsapp-share'>WhatsApp<\/a><div class='clear '><\/div><\/div>","protected":false},"excerpt":{"rendered":"<p>Autoridades estatales y municipales firmaron el convenio de coordinaci\u00f3n total del Mando Operativo en materia de seguridad, que ratifica el compromiso de garantizar a la poblaci\u00f3n carmelita un clima de paz y tranquilidad. El acuerdo, firmado por el gobernador Alejandro Moreno C\u00e1rdenas y el alcalde Pablo Guti\u00e9rrez Lazarus, permitir\u00e1 establecer una estrecha colaboraci\u00f3n entre el &hellip;<\/p>\n","protected":false},"author":1,"featured_media":2954,"comment_status":"open","ping_status":"open","sticky":false,"template":"","format":"standard","meta":{"_mi_skip_tracking":false},"categories":[46],"tags":[635],"_links":{"self":[{"href":"https:\/\/visionpeninsular.com\/mid\/wp-json\/wp\/v2\/posts\/2953"}],"collection":[{"href":"https:\/\/visionpeninsular.com\/mid\/wp-json\/wp\/v2\/posts"}],"about":[{"href":"https:\/\/visionpeninsular.com\/mid\/wp-json\/wp\/v2\/types\/post"}],"author":[{"embeddable":true,"href":"https:\/\/visionpeninsular.com\/mid\/wp-json\/wp\/v2\/users\/1"}],"replies":[{"embeddable":true,"href":"https:\/\/visionpeninsular.com\/mid\/wp-json\/wp\/v2\/comments?post=2953"}],"version-history":[{"count":1,"href":"https:\/\/visionpeninsular.com\/mid\/wp-json\/wp\/v2\/posts\/2953\/revisions"}],"predecessor-version":[{"id":2955,"href":"https:\/\/visionpeninsular.com\/mid\/wp-json\/wp\/v2\/posts\/2953\/revisions\/2955"}],"wp:featuredmedia":[{"embeddable":true,"href":"https:\/\/visionpeninsular.com\/mid\/wp-json\/wp\/v2\/media\/2954"}],"wp:attachment":[{"href":"https:\/\/visionpeninsular.com\/mid\/wp-json\/wp\/v2\/media?parent=2953"}],"wp:term":[{"taxonomy":"category","embeddable":true,"href":"https:\/\/visionpeninsular.com\/mid\/wp-json\/wp\/v2\/categories?post=2953"},{"taxonomy":"post_tag","embeddable":true,"href":"https:\/\/visionpeninsular.com\/mid\/wp-json\/wp\/v2\/tags?post=2953"}],"curies":[{"name":"wp","href":"https:\/\/api.w.org\/{rel}","templated":true}]}}