{"id":29399,"date":"2017-08-30T09:51:50","date_gmt":"2017-08-30T14:51:50","guid":{"rendered":"http:\/\/visionpeninsular.com\/mid\/?p=29399"},"modified":"2017-08-30T09:51:50","modified_gmt":"2017-08-30T14:51:50","slug":"ratifica-cabildo-merida-los-convenios-limites-territoriales-intermunicipales-firmados-uman-kanasin","status":"publish","type":"post","link":"https:\/\/visionpeninsular.com\/mid\/ratifica-cabildo-merida-los-convenios-limites-territoriales-intermunicipales-firmados-uman-kanasin\/","title":{"rendered":"Ratifica el Cabildo de M\u00e9rida los convenios de L\u00edmites Territoriales Intermunicipales firmados con Um\u00e1n y Kanas\u00edn"},"content":{"rendered":"<p>&nbsp;<\/p>\n<p>El Ayuntamiento que encabeza el alcalde, Mauricio Vila Dosal, aprob\u00f3 por unanimidad la ratificaci\u00f3n los convenios para la soluci\u00f3n de conflictos de L\u00edmites Territoriales Intermunicipales firmados entre M\u00e9rida, Um\u00e1n y Kanas\u00edn, a fin de terminar con la discrepancia que hay respecto a las correspondientes jurisdicciones territoriales.<\/p>\n<p>La ratificaci\u00f3n forma parte del proceso que otorgar\u00e1 certeza jur\u00eddica a ciudadanos y autoridades de \u00e9stos municipios as\u00ed como favorecer la inversi\u00f3n p\u00fablica y privada elevando la calidad de vida de sus habitantes, entre otros beneficios.<\/p>\n<p>Como informamos el 22 de agosto\u00a0 se llev\u00f3 al cabo la firma del convenio impulsado desde el inicio de la actual administraci\u00f3n, en el cual se determina la responsabilidad de los ayuntamientos para proporcionar los servicios para los ciudadanos.<\/p>\n<p>La divisi\u00f3n territorial entre M\u00e9rida y Kanas\u00edn la define el Anillo Perif\u00e9rico. Al Norte, partiendo de la avenida Los H\u00e9roes, al Poniente del Perif\u00e9rico, y al Suroeste de la calle 42 Sur ser\u00e1 territorio de Kanas\u00edn. Despu\u00e9s de esos l\u00edmites, todos los asentamientos humanos ser\u00e1n de M\u00e9rida, incluyendo las comisar\u00edas.<\/p>\n<p>Con Um\u00e1n, todo lo que est\u00e1 dentro del Perif\u00e9rico y lo que colinda ser\u00e1 parte de M\u00e9rida y el corredor industrial de la carretera principal ser\u00e1 del primer municipio.<\/p>\n<p>Una vez que los municipios ratifiquen la firma del convenio, este pasa al Congreso del Estado para que se emita un decreto y se cumpla con lo establecido en el convenio.<\/p>\n<p>Durante el punto de acuerdo, el presidente de la Comisi\u00f3n Especial de L\u00edmites Territoriales del Municipio de M\u00e9rida, manifest\u00f3 su agradecimiento a los regidores integrantes que, durante las sesiones, aportaron ideas para el beneficio de todos los ciudadanos.<\/p>\n<p>Asimismo, la regidora de Movimiento Ciudadano, Milagros Romero Bastarrachea, se congratul\u00f3 de que el Ayuntamiento que encabeza el alcalde, Mauricio Vila Dosal, este logrando acuerdos hist\u00f3ricos que suman los esfuerzos de todos los participantes, ejemplo de estas acciones es la ratificaci\u00f3n realizada en Cabildo que asegura a los habitantes de cada municipio mejores servicios.<\/p>\n<p>El regidor del PRD, Tonatiuh Villanueva Caltempa, reconoci\u00f3 que la administraci\u00f3n actual se ha encargado de generar un buen trabajo con los \u00f3rdenes de gobierno, destacando la importancia de que cada uno ponga por delante los intereses de las personas.<\/p>\n<p>&nbsp;<\/p>\n<p>&nbsp;<\/p>\n<p>&nbsp;<\/p>\n<p>&nbsp;<\/p>\n<div class='share-to-whatsapp-wrapper'><div class='share-on-whsp'>Share on: <\/div><a data-text='Ratifica el Cabildo de M\u00e9rida los convenios de L\u00edmites Territoriales Intermunicipales firmados con Um\u00e1n y Kanas\u00edn' data-link='https:\/\/visionpeninsular.com\/mid\/ratifica-cabildo-merida-los-convenios-limites-territoriales-intermunicipales-firmados-uman-kanasin\/' class='whatsapp-button whatsapp-share'>WhatsApp<\/a><div class='clear '><\/div><\/div>","protected":false},"excerpt":{"rendered":"<p>&nbsp; El Ayuntamiento que encabeza el alcalde, Mauricio Vila Dosal, aprob\u00f3 por unanimidad la ratificaci\u00f3n los convenios para la soluci\u00f3n de conflictos de L\u00edmites Territoriales Intermunicipales firmados entre M\u00e9rida, Um\u00e1n y Kanas\u00edn, a fin de terminar con la discrepancia que hay respecto a las correspondientes jurisdicciones territoriales. La ratificaci\u00f3n forma parte del proceso que otorgar\u00e1 &hellip;<\/p>\n","protected":false},"author":5,"featured_media":29405,"comment_status":"open","ping_status":"open","sticky":false,"template":"","format":"standard","meta":{"_mi_skip_tracking":false},"categories":[49,37],"tags":[4272,3936,7981,7980],"_links":{"self":[{"href":"https:\/\/visionpeninsular.com\/mid\/wp-json\/wp\/v2\/posts\/29399"}],"collection":[{"href":"https:\/\/visionpeninsular.com\/mid\/wp-json\/wp\/v2\/posts"}],"about":[{"href":"https:\/\/visionpeninsular.com\/mid\/wp-json\/wp\/v2\/types\/post"}],"author":[{"embeddable":true,"href":"https:\/\/visionpeninsular.com\/mid\/wp-json\/wp\/v2\/users\/5"}],"replies":[{"embeddable":true,"href":"https:\/\/visionpeninsular.com\/mid\/wp-json\/wp\/v2\/comments?post=29399"}],"version-history":[{"count":1,"href":"https:\/\/visionpeninsular.com\/mid\/wp-json\/wp\/v2\/posts\/29399\/revisions"}],"predecessor-version":[{"id":29406,"href":"https:\/\/visionpeninsular.com\/mid\/wp-json\/wp\/v2\/posts\/29399\/revisions\/29406"}],"wp:featuredmedia":[{"embeddable":true,"href":"https:\/\/visionpeninsular.com\/mid\/wp-json\/wp\/v2\/media\/29405"}],"wp:attachment":[{"href":"https:\/\/visionpeninsular.com\/mid\/wp-json\/wp\/v2\/media?parent=29399"}],"wp:term":[{"taxonomy":"category","embeddable":true,"href":"https:\/\/visionpeninsular.com\/mid\/wp-json\/wp\/v2\/categories?post=29399"},{"taxonomy":"post_tag","embeddable":true,"href":"https:\/\/visionpeninsular.com\/mid\/wp-json\/wp\/v2\/tags?post=29399"}],"curies":[{"name":"wp","href":"https:\/\/api.w.org\/{rel}","templated":true}]}}