{"id":29351,"date":"2017-08-29T09:55:34","date_gmt":"2017-08-29T14:55:34","guid":{"rendered":"http:\/\/visionpeninsular.com\/mid\/?p=29351"},"modified":"2017-08-29T09:55:34","modified_gmt":"2017-08-29T14:55:34","slug":"los-4-armonicos-reconocidos-en-festival-mundial-del-bolero","status":"publish","type":"post","link":"https:\/\/visionpeninsular.com\/mid\/los-4-armonicos-reconocidos-en-festival-mundial-del-bolero\/","title":{"rendered":"\u201cLos 4 Arm\u00f3nicos\u201d, reconocidos en el \u201cFestival Mundial del Bolero\u201d"},"content":{"rendered":"<p>El \u201cFestival Mundial del Bolero\u201d, recientemente celebrado en la Ciudad de M\u00e9xico, cont\u00f3 con la participaci\u00f3n del cuarteto \u201cLos Cuatro Arm\u00f3nicos\u201d, quienes pusieron en alto el nombre de Yucat\u00e1n en esta importante celebraci\u00f3n internacional del bolero, efectuado en el Teatro Esperanza Iris.<\/p>\n<p>Rodrigo de la Cadena, compositor, arreglista y productor, quien es el organizador del Festival, fue quien hizo el reconocimiento por el trabajo desarrollado en la m\u00fasica de trova y \u00a0bolero, caracter\u00edsticos de la entidad, a los m\u00fasicos yucateco<\/p>\n<p>Extern\u00f3 que la m\u00fasica\u00a0 interpretada por los \u201c4 arm\u00f3nicos\u201d,\u00a0 va m\u00e1s all\u00e1 de la trova y del bolero con sus acordes y su armon\u00eda, deleitando no solo los o\u00eddos, sino tambi\u00e9n moviendo el alma de quien los escucha, poniendo en alto el nombre de Yucat\u00e1n ante el mundo.<\/p>\n<p>\u201cLos 4 arm\u00f3nicos\u201d est\u00e1 integrado por el director y arreglista Fredy May Polanco; el requinto, Miguel May y los \u00a0primera voz, Daniel May y Ricardo Cetina, que hoy, regresan \u00a0muy satisfechos y felices por el \u00e9xito obtenido durante su participaci\u00f3n en el mencionado Festival, y con nuevos retos a partir de ahora.<\/p>\n<p>\u201cRegresamos m\u00e1s que satisfechos y traer un sentir generoso por haber sido elegidos en este festival\u201d coment\u00f3 uno de sus integrantes, quienes agregaron que fue un verdadero honor haber representado y puesto el alto el nombre de Yucat\u00e1n en un evento mundial.<\/p>\n<p>&nbsp;<\/p>\n<div class='share-to-whatsapp-wrapper'><div class='share-on-whsp'>Share on: <\/div><a data-text='\u201cLos 4 Arm\u00f3nicos\u201d, reconocidos en el \u201cFestival Mundial del Bolero\u201d' data-link='https:\/\/visionpeninsular.com\/mid\/los-4-armonicos-reconocidos-en-festival-mundial-del-bolero\/' class='whatsapp-button whatsapp-share'>WhatsApp<\/a><div class='clear '><\/div><\/div>","protected":false},"excerpt":{"rendered":"<p>El \u201cFestival Mundial del Bolero\u201d, recientemente celebrado en la Ciudad de M\u00e9xico, cont\u00f3 con la participaci\u00f3n del cuarteto \u201cLos Cuatro Arm\u00f3nicos\u201d, quienes pusieron en alto el nombre de Yucat\u00e1n en esta importante celebraci\u00f3n internacional del bolero, efectuado en el Teatro Esperanza Iris. Rodrigo de la Cadena, compositor, arreglista y productor, quien es el organizador del &hellip;<\/p>\n","protected":false},"author":5,"featured_media":29353,"comment_status":"open","ping_status":"open","sticky":false,"template":"","format":"standard","meta":{"_mi_skip_tracking":false},"categories":[50,37],"tags":[7972,1660,7971,1531],"_links":{"self":[{"href":"https:\/\/visionpeninsular.com\/mid\/wp-json\/wp\/v2\/posts\/29351"}],"collection":[{"href":"https:\/\/visionpeninsular.com\/mid\/wp-json\/wp\/v2\/posts"}],"about":[{"href":"https:\/\/visionpeninsular.com\/mid\/wp-json\/wp\/v2\/types\/post"}],"author":[{"embeddable":true,"href":"https:\/\/visionpeninsular.com\/mid\/wp-json\/wp\/v2\/users\/5"}],"replies":[{"embeddable":true,"href":"https:\/\/visionpeninsular.com\/mid\/wp-json\/wp\/v2\/comments?post=29351"}],"version-history":[{"count":1,"href":"https:\/\/visionpeninsular.com\/mid\/wp-json\/wp\/v2\/posts\/29351\/revisions"}],"predecessor-version":[{"id":29354,"href":"https:\/\/visionpeninsular.com\/mid\/wp-json\/wp\/v2\/posts\/29351\/revisions\/29354"}],"wp:featuredmedia":[{"embeddable":true,"href":"https:\/\/visionpeninsular.com\/mid\/wp-json\/wp\/v2\/media\/29353"}],"wp:attachment":[{"href":"https:\/\/visionpeninsular.com\/mid\/wp-json\/wp\/v2\/media?parent=29351"}],"wp:term":[{"taxonomy":"category","embeddable":true,"href":"https:\/\/visionpeninsular.com\/mid\/wp-json\/wp\/v2\/categories?post=29351"},{"taxonomy":"post_tag","embeddable":true,"href":"https:\/\/visionpeninsular.com\/mid\/wp-json\/wp\/v2\/tags?post=29351"}],"curies":[{"name":"wp","href":"https:\/\/api.w.org\/{rel}","templated":true}]}}