{"id":29209,"date":"2017-08-27T09:45:16","date_gmt":"2017-08-27T14:45:16","guid":{"rendered":"http:\/\/visionpeninsular.com\/mid\/?p=29209"},"modified":"2017-08-27T09:45:16","modified_gmt":"2017-08-27T14:45:16","slug":"promocionan-maraton-cancun-en-cdmx","status":"publish","type":"post","link":"https:\/\/visionpeninsular.com\/mid\/promocionan-maraton-cancun-en-cdmx\/","title":{"rendered":"Promocionan Marat\u00f3n Canc\u00fan en CDMX"},"content":{"rendered":"<p>En el marco de la realizaci\u00f3n de la Marat\u00f3n de la capital mexicana,\u00a0<strong>promocionan Marat\u00f3n Canc\u00fan en CDMX.<\/strong><\/p>\n<p>El director del\u00a0<a href=\"http:\/\/cancun.gob.mx\/deporte\/\">Instituto Municipal del Deporte\u00a0<\/a>de Benito Ju\u00e1rez, David Mart\u00ednez Gonz\u00e1lez y el director del Instituto del Deporte de la CDMX, Horacio de la Vega, firmaron un convenio de colaboraci\u00f3n.<\/p>\n<p>Este convenio tiene por objetivo promocionar la Marat\u00f3n Internacional de Canc\u00fan, mismo que disputar\u00e1 su edici\u00f3n 33 el pr\u00f3ximo s\u00e1bado 2 de diciembre.<\/p>\n<p>Esta firma de convenio se concret\u00f3 durante la fiesta llamada \u201cExpo Marat\u00f3n\u201d.<\/p>\n<p>Se realiza como un previo a la\u00a0Marat\u00f3n de la CDMX, donde tambi\u00e9n se hizo la\u00a0presentaci\u00f3n\u00a0oficial de la playera que se usar\u00e1 para la pr\u00f3xima Marat\u00f3n de Canc\u00fan.<\/p>\n<p>A\u00f1adi\u00f3: Tambi\u00e9n pretendemos que a partir de este momento comience un trabajo en conjunto para las futuras maratones tanto de M\u00e9xico como de Canc\u00fan.<\/p>\n<p>Esto demuestra que seguimos trabajando para presentar eventos de calidad y de talla internacional.<\/p>\n<h2>Apoyo mutuo<\/h2>\n<p>Cabe destacar que una de los objetivos primordiales de este\u00a0convenio\u00a0es el apoyo mutuo para promocionar ambas Maratones.<\/p>\n<p>Por eso en la presente expo, se mont\u00f3 un stand dedicado para la 33 Marat\u00f3n Internacional de Canc\u00fan.<\/p>\n<p>Donde hay que destacar que fue uno de los stands que llamaron m\u00e1s la atenci\u00f3n en la Expo.<\/p>\n<p>Por otro lado y aprovechando la ocasi\u00f3n, David Mart\u00ednez acompa\u00f1ado de Horacio de la Vega, present\u00f3 la playera oficial para la 33 Marat\u00f3n Internacional de Canc\u00fan, se trata de una jersey de corredor muy elegante en color blanco y negro.<\/p>\n<p>Mart\u00ednez Gonz\u00e1lez estuvo acompa\u00f1ado de Gabriel Agui\u00f1aga, director operativo del IMD; y Marco Martos director operativo de la Marat\u00f3n Canc\u00fan.<\/p>\n<div class='share-to-whatsapp-wrapper'><div class='share-on-whsp'>Share on: <\/div><a data-text='Promocionan Marat\u00f3n Canc\u00fan en CDMX' data-link='https:\/\/visionpeninsular.com\/mid\/promocionan-maraton-cancun-en-cdmx\/' class='whatsapp-button whatsapp-share'>WhatsApp<\/a><div class='clear '><\/div><\/div>","protected":false},"excerpt":{"rendered":"<p>En el marco de la realizaci\u00f3n de la Marat\u00f3n de la capital mexicana,\u00a0promocionan Marat\u00f3n Canc\u00fan en CDMX. El director del\u00a0Instituto Municipal del Deporte\u00a0de Benito Ju\u00e1rez, David Mart\u00ednez Gonz\u00e1lez y el director del Instituto del Deporte de la CDMX, Horacio de la Vega, firmaron un convenio de colaboraci\u00f3n. Este convenio tiene por objetivo promocionar la Marat\u00f3n &hellip;<\/p>\n","protected":false},"author":1,"featured_media":29211,"comment_status":"open","ping_status":"open","sticky":false,"template":"","format":"standard","meta":{"_mi_skip_tracking":false},"categories":[48],"tags":[991,7934,7933],"_links":{"self":[{"href":"https:\/\/visionpeninsular.com\/mid\/wp-json\/wp\/v2\/posts\/29209"}],"collection":[{"href":"https:\/\/visionpeninsular.com\/mid\/wp-json\/wp\/v2\/posts"}],"about":[{"href":"https:\/\/visionpeninsular.com\/mid\/wp-json\/wp\/v2\/types\/post"}],"author":[{"embeddable":true,"href":"https:\/\/visionpeninsular.com\/mid\/wp-json\/wp\/v2\/users\/1"}],"replies":[{"embeddable":true,"href":"https:\/\/visionpeninsular.com\/mid\/wp-json\/wp\/v2\/comments?post=29209"}],"version-history":[{"count":1,"href":"https:\/\/visionpeninsular.com\/mid\/wp-json\/wp\/v2\/posts\/29209\/revisions"}],"predecessor-version":[{"id":29212,"href":"https:\/\/visionpeninsular.com\/mid\/wp-json\/wp\/v2\/posts\/29209\/revisions\/29212"}],"wp:featuredmedia":[{"embeddable":true,"href":"https:\/\/visionpeninsular.com\/mid\/wp-json\/wp\/v2\/media\/29211"}],"wp:attachment":[{"href":"https:\/\/visionpeninsular.com\/mid\/wp-json\/wp\/v2\/media?parent=29209"}],"wp:term":[{"taxonomy":"category","embeddable":true,"href":"https:\/\/visionpeninsular.com\/mid\/wp-json\/wp\/v2\/categories?post=29209"},{"taxonomy":"post_tag","embeddable":true,"href":"https:\/\/visionpeninsular.com\/mid\/wp-json\/wp\/v2\/tags?post=29209"}],"curies":[{"name":"wp","href":"https:\/\/api.w.org\/{rel}","templated":true}]}}