{"id":28916,"date":"2017-08-22T10:38:49","date_gmt":"2017-08-22T15:38:49","guid":{"rendered":"http:\/\/visionpeninsular.com\/mid\/?p=28916"},"modified":"2017-08-22T10:38:49","modified_gmt":"2017-08-22T15:38:49","slug":"andres-tinoco-ofrecera-concierto-la-raiz-mis-canciones","status":"publish","type":"post","link":"https:\/\/visionpeninsular.com\/mid\/andres-tinoco-ofrecera-concierto-la-raiz-mis-canciones\/","title":{"rendered":"Andr\u00e9s Tinoco ofrecer\u00e1  concierto  \u201cLa ra\u00edz de mis canciones\u201d"},"content":{"rendered":"<p>En el marco del Festival de J\u00f3venes Creadores 2017, el joven m\u00fasico Andr\u00e9s Tinoco presentar\u00e1 un concierto, resultado de su b\u00fasqueda en un proceso de reflexi\u00f3n sobre el significado de la m\u00fasica popular, con el proyecto &#8220;La ra\u00edz de mis canciones.&#8221;<\/p>\n<p>Este evento se llevar\u00e1 a cabo en el Teatro Felipe Carrillo Puerto, el mi\u00e9rcoles 23 de agosto a las 20:00 horas, con entrada gratuita, organizado por la Secretar\u00e1 de la Cultura y las Artes (SEDECULTA).<\/p>\n<p>El programa est\u00e1 integrado con temas de su autor\u00eda, y una selecci\u00f3n de compositores de d\u00e9cadas recientes, como Alejandro Filio y el cubano Carlos Varela y temas de la nueva trova cubana; el contenido permitir\u00e1 captar el inter\u00e9s de personas de entre 15 y 70 a\u00f1os de edad.<\/p>\n<p>\u201cEs un paso indispensable para fijar mi contexto creativo y seguir avanzando en la b\u00fasqueda. Es un ejercicio \u00edntimo de curadur\u00eda, en el que me dar\u00e9 el gusto de compartir con el p\u00fablico melod\u00edas que guardan en s\u00ed mismas un valor indudable, y que han significado para m\u00ed descubrimientos y mapas de ruta\u201d, puntualiz\u00f3.<\/p>\n<p>Durante el concierto, que dura 70 minutos aproximadamente, Tinoco tendr\u00e1 intervenciones habladas en las que compartir\u00e1 el origen o el punto en que se encontr\u00f3 con las canciones y c\u00f3mo se hicieron parte de su formaci\u00f3n, lo mismo suceder\u00e1 con las que \u00e9l cre\u00f3.<\/p>\n<p>Entre las piezas que conforman el repertorio figuran \u00bfY t\u00fa que has hecho? de Eusebio Delf\u00edn, Aquellas peque\u00f1as cosas de Joan Manuel Serrat, Palma de paciencia de Gerardo Pablo, Beso asesino de V\u00edctor Mart\u00ednez Herrar y Pepe Dom\u00ednguez, Cinco mil a\u00f1os de Pedro Guerra y Zamba para olvidar de Julio Fontana y Daniel Toro.<\/p>\n<p>De su creaci\u00f3n se podr\u00e1 disfrutar Estar seguro, \u00bfQu\u00e9 le queda a este pa\u00eds?, Maldito aerolito, Te fuiste, Reencuentro, Quiere cargarte este payaso y All\u00e1 voy.<\/p>\n<div class='share-to-whatsapp-wrapper'><div class='share-on-whsp'>Share on: <\/div><a data-text='Andr\u00e9s Tinoco ofrecer\u00e1  concierto  \u201cLa ra\u00edz de mis canciones\u201d' data-link='https:\/\/visionpeninsular.com\/mid\/andres-tinoco-ofrecera-concierto-la-raiz-mis-canciones\/' class='whatsapp-button whatsapp-share'>WhatsApp<\/a><div class='clear '><\/div><\/div>","protected":false},"excerpt":{"rendered":"<p>En el marco del Festival de J\u00f3venes Creadores 2017, el joven m\u00fasico Andr\u00e9s Tinoco presentar\u00e1 un concierto, resultado de su b\u00fasqueda en un proceso de reflexi\u00f3n sobre el significado de la m\u00fasica popular, con el proyecto &#8220;La ra\u00edz de mis canciones.&#8221; Este evento se llevar\u00e1 a cabo en el Teatro Felipe Carrillo Puerto, el mi\u00e9rcoles &hellip;<\/p>\n","protected":false},"author":5,"featured_media":28918,"comment_status":"open","ping_status":"open","sticky":false,"template":"","format":"standard","meta":{"_mi_skip_tracking":false},"categories":[50,37],"tags":[7850,7849,7637],"_links":{"self":[{"href":"https:\/\/visionpeninsular.com\/mid\/wp-json\/wp\/v2\/posts\/28916"}],"collection":[{"href":"https:\/\/visionpeninsular.com\/mid\/wp-json\/wp\/v2\/posts"}],"about":[{"href":"https:\/\/visionpeninsular.com\/mid\/wp-json\/wp\/v2\/types\/post"}],"author":[{"embeddable":true,"href":"https:\/\/visionpeninsular.com\/mid\/wp-json\/wp\/v2\/users\/5"}],"replies":[{"embeddable":true,"href":"https:\/\/visionpeninsular.com\/mid\/wp-json\/wp\/v2\/comments?post=28916"}],"version-history":[{"count":1,"href":"https:\/\/visionpeninsular.com\/mid\/wp-json\/wp\/v2\/posts\/28916\/revisions"}],"predecessor-version":[{"id":28919,"href":"https:\/\/visionpeninsular.com\/mid\/wp-json\/wp\/v2\/posts\/28916\/revisions\/28919"}],"wp:featuredmedia":[{"embeddable":true,"href":"https:\/\/visionpeninsular.com\/mid\/wp-json\/wp\/v2\/media\/28918"}],"wp:attachment":[{"href":"https:\/\/visionpeninsular.com\/mid\/wp-json\/wp\/v2\/media?parent=28916"}],"wp:term":[{"taxonomy":"category","embeddable":true,"href":"https:\/\/visionpeninsular.com\/mid\/wp-json\/wp\/v2\/categories?post=28916"},{"taxonomy":"post_tag","embeddable":true,"href":"https:\/\/visionpeninsular.com\/mid\/wp-json\/wp\/v2\/tags?post=28916"}],"curies":[{"name":"wp","href":"https:\/\/api.w.org\/{rel}","templated":true}]}}