{"id":28738,"date":"2017-08-20T11:01:48","date_gmt":"2017-08-20T16:01:48","guid":{"rendered":"http:\/\/visionpeninsular.com\/mid\/?p=28738"},"modified":"2017-08-20T11:01:48","modified_gmt":"2017-08-20T16:01:48","slug":"padres-la-soga-al-cuello-este-regreso-a-clases","status":"publish","type":"post","link":"https:\/\/visionpeninsular.com\/mid\/padres-la-soga-al-cuello-este-regreso-a-clases\/","title":{"rendered":"Padres con la soga al cuello con este regreso a clases"},"content":{"rendered":"<p><strong>E<\/strong>l lunes se reinician las clases y aunque muchas dificultades se han superado, como el referente al gasto en \u00fatiles escolares, quedan muchos pendientes por resolver. Tendr\u00e1n uniformes aunque est\u00e9n en la vor\u00e1gine de una pol\u00e9mica. Enfrentar\u00e1n las carencias en la infraestructura en las escuelas y seguir\u00e1 la lucha por el pago de cuotas que exigen algunos directores para mantener funcionales los planteles.<\/p>\n<p>Principalmente de instituciones de nivel Medio-Superior, al menos son cinco mil estudiantes de Benito Ju\u00e1rez, que se ver\u00e1n afectados con las llamadas cuotas\u00a0 \u201cvoluntarias\u201d para\u00a0 poder\u00a0 garantizar la continuidad de su educaci\u00f3n. Ante este desaf\u00edo, Gustavo Caballero Garc\u00eda, presidente de la asociaci\u00f3n \u201cQue Hable Quintana Roo\u201d, entreg\u00f3 en horas del mediod\u00eda de ayer, un oficio en la Representaci\u00f3n de la XV Legislatura del Congreso del Estado, para solicitar se legisle sobre la prohibici\u00f3n y castigo a quienes\u00a0 realicen dichos cobros.<\/p>\n<p>Sin mencionar que con estas cuotas se realizan gastos que el estado ha dejado de realizar que constitucionalmente son su obligaci\u00f3n para dar una educaci\u00f3n libre y gratuita y que debido a ese abandono de esta responsabilidad por parte de las instituciones educativas, estatales y federales, son los padres de familia los que han tenido que organizarse para intentar darles a sus hijos las m\u00ednimas condiciones para estudiar.<\/p>\n<p>Caballero Garc\u00eda dijo que la petici\u00f3n va en funci\u00f3n de que los diputados locales, revisen lo que respecta al Art\u00edculo 8 de la Ley de Educaci\u00f3n del Estado de Q.Roo y con referencia a la laicidad, gratuidad y obligatoriedad que concierne al Art\u00edculo 3 de Constituci\u00f3n Mexicana, lo que\u00a0 implica que\u00a0 bajo ninguna circunstancia, la ense\u00f1anza p\u00fablica debe implicar pago de cuotas.<\/p>\n<p>En este sentido, destac\u00f3 el hecho de que en nuestro estado, existen muchas instituciones educativas, principalmente en el nivel de bachillerato, que obligan a sus alumnados a erogar aportaciones econ\u00f3micas, bajo el esquema de cuotas voluntarias, que equivalen a montos de\u00a0 entre 80 y 300 pesos, correspondientes a derechos de inscripci\u00f3n y aportaciones que se\u00a0 le solicita a los padres de familia.<\/p>\n<p>Al ser de car\u00e1cter obligatorio la ense\u00f1anza Media-Superior en Quintana Roo lo que se establece en el Art\u00edculo 4 Constitucional, el representante de \u201cQue Hable Quintana Roo\u201d, acudi\u00f3 ayer viernes, entregar el documento en el que solicita al Poder Legislativo, realizar las correspondientes modificaciones a la Ley de Educaci\u00f3n, pues el condicionamiento en el pago de cuotas, afecta por lo menos a cinco mil estudiantes solamente en el municipio de Benito Ju\u00e1rez.<\/p>\n<p>Gustavo Caballero, hizo notar que el dinero recaudado por el pago de estas aportaciones, no caen\u00a0 bajo control del Estado, al no existir una personalidad jur\u00eddica que considere a las\u00a0 asociaciones de padres de familia, por lo que es necesario adoptar las medidas de control que se requieren.\u00a0 Entrevistados v\u00eda telef\u00f3nica, varios padres de familia que prefirieron guardar el anonimato, comentaron que la responsabilidad es del Estado y de que los diputados federales y locales se han coludido con el poder ejecutivo para ahorcar la educaci\u00f3n y hacerla cada vez menos gratuita.<\/p>\n<div class='share-to-whatsapp-wrapper'><div class='share-on-whsp'>Share on: <\/div><a data-text='Padres con la soga al cuello con este regreso a clases' data-link='https:\/\/visionpeninsular.com\/mid\/padres-la-soga-al-cuello-este-regreso-a-clases\/' class='whatsapp-button whatsapp-share'>WhatsApp<\/a><div class='clear '><\/div><\/div>","protected":false},"excerpt":{"rendered":"<p>El lunes se reinician las clases y aunque muchas dificultades se han superado, como el referente al gasto en \u00fatiles escolares, quedan muchos pendientes por resolver. Tendr\u00e1n uniformes aunque est\u00e9n en la vor\u00e1gine de una pol\u00e9mica. Enfrentar\u00e1n las carencias en la infraestructura en las escuelas y seguir\u00e1 la lucha por el pago de cuotas que &hellip;<\/p>\n","protected":false},"author":1,"featured_media":28740,"comment_status":"open","ping_status":"open","sticky":false,"template":"","format":"standard","meta":{"_mi_skip_tracking":false},"categories":[48],"tags":[991,4832],"_links":{"self":[{"href":"https:\/\/visionpeninsular.com\/mid\/wp-json\/wp\/v2\/posts\/28738"}],"collection":[{"href":"https:\/\/visionpeninsular.com\/mid\/wp-json\/wp\/v2\/posts"}],"about":[{"href":"https:\/\/visionpeninsular.com\/mid\/wp-json\/wp\/v2\/types\/post"}],"author":[{"embeddable":true,"href":"https:\/\/visionpeninsular.com\/mid\/wp-json\/wp\/v2\/users\/1"}],"replies":[{"embeddable":true,"href":"https:\/\/visionpeninsular.com\/mid\/wp-json\/wp\/v2\/comments?post=28738"}],"version-history":[{"count":1,"href":"https:\/\/visionpeninsular.com\/mid\/wp-json\/wp\/v2\/posts\/28738\/revisions"}],"predecessor-version":[{"id":28741,"href":"https:\/\/visionpeninsular.com\/mid\/wp-json\/wp\/v2\/posts\/28738\/revisions\/28741"}],"wp:featuredmedia":[{"embeddable":true,"href":"https:\/\/visionpeninsular.com\/mid\/wp-json\/wp\/v2\/media\/28740"}],"wp:attachment":[{"href":"https:\/\/visionpeninsular.com\/mid\/wp-json\/wp\/v2\/media?parent=28738"}],"wp:term":[{"taxonomy":"category","embeddable":true,"href":"https:\/\/visionpeninsular.com\/mid\/wp-json\/wp\/v2\/categories?post=28738"},{"taxonomy":"post_tag","embeddable":true,"href":"https:\/\/visionpeninsular.com\/mid\/wp-json\/wp\/v2\/tags?post=28738"}],"curies":[{"name":"wp","href":"https:\/\/api.w.org\/{rel}","templated":true}]}}