{"id":28494,"date":"2017-08-16T11:25:46","date_gmt":"2017-08-16T16:25:46","guid":{"rendered":"http:\/\/visionpeninsular.com\/mid\/?p=28494"},"modified":"2017-08-16T11:26:26","modified_gmt":"2017-08-16T16:26:26","slug":"chiapanecos-ambulantes-deben-integrarse-a-la-legalidad","status":"publish","type":"post","link":"https:\/\/visionpeninsular.com\/mid\/chiapanecos-ambulantes-deben-integrarse-a-la-legalidad\/","title":{"rendered":"Chiapanecas  ambulantes  deben integrarse a la legalidad"},"content":{"rendered":"<p>Juan Jos\u00e9 Abraham D\u00e1guer, presidente de la C\u00e1mara Nacional de Comercio, Servicios y Turismo de M\u00e9rida, dijo que el tema de comercio informal ejercido por \u201cchiapanecas\u201d, tanto en el centro Hist\u00f3rico, como Paseo Montejo y otros punto de esta capital, deben ser tratados muy puntualmente, para evitar afectar a los comercios legalmente establecidos; asimismo, puntualiz\u00f3 que tanto el tema de las \u201cchiapanecas\u201d como el ambulantaje son dos factores que existen en la ciudad desde hace 25 a\u00f1os.<\/p>\n<p>\u201cEl ambulantaje va mucho por temporadas, es cierto que al Centro le quedan ambulantes, mucho menos de los que le quedaban en a\u00f1os anteriores, aqu\u00ed lo importante es continuar con los operativos y reacomodos y que todos tengan la oportunidad de integrarse a la econom\u00eda formal\u201d, declar\u00f3.<\/p>\n<p>El dirigente empresarial \u00a0asever\u00f3 que el proyecto que ten\u00edan con el ayuntamiento se ha ido frenando y complicando, pues los vendedores no quieren reacomodarse, sin embargo, dijo, hay que hacerles entender la ley; en el caso de las chiapanecas, \u00a0destac\u00f3 que lo importante es saber explicarle a la sociedad que las \u201cchiapanecas\u201d est\u00e1n fuera de la legalidad.<\/p>\n<p>\u201cEntendemos la idea de vulnerabilidad, vemos menores de edad vendiendo cigarros, lo que claramente est\u00e1 fuera de la ley y nos percatamos de que casi todas venden las mismas mercanc\u00edas, lo que indica que alguien les est\u00e1 suministrando esos art\u00edculos\u201d, detall\u00f3.<\/p>\n<p>Juan Jos\u00e9 Abraham dijo que lo que hay que hacer en ese sentido, es buscar pasar a estas personas a la legalidad, pues incluso la propia Comisi\u00f3n de Derechos Humanos ha metido ciertas denuncias presumiendo trata de personas; \u00a0apunt\u00f3 que por el contrario existen turistas que se ven agobiados por dichas vendedoras e incluso se han tenido registro de comerciantes formales que han sido agredidos cuando les piden a ellas que se retiren de sus aparadores.<\/p>\n<p>\u201cIncluso vemos que tienen un cuerpo de abogados, cuando por algo ocurre un decomiso enseguida llegan para sacar la mercanc\u00eda, entonces s\u00ed creo que sea algo que da una imagen equivocada de la ciudad y es negativo para el turismo adem\u00e1s de que a largo plazo puede ser m\u00e1s complicado\u201d, finaliz\u00f3.<\/p>\n<div class='share-to-whatsapp-wrapper'><div class='share-on-whsp'>Share on: <\/div><a data-text='Chiapanecas  ambulantes  deben integrarse a la legalidad' data-link='https:\/\/visionpeninsular.com\/mid\/chiapanecos-ambulantes-deben-integrarse-a-la-legalidad\/' class='whatsapp-button whatsapp-share'>WhatsApp<\/a><div class='clear '><\/div><\/div>","protected":false},"excerpt":{"rendered":"<p>Juan Jos\u00e9 Abraham D\u00e1guer, presidente de la C\u00e1mara Nacional de Comercio, Servicios y Turismo de M\u00e9rida, dijo que el tema de comercio informal ejercido por \u201cchiapanecas\u201d, tanto en el centro Hist\u00f3rico, como Paseo Montejo y otros punto de esta capital, deben ser tratados muy puntualmente, para evitar afectar a los comercios legalmente establecidos; asimismo, puntualiz\u00f3 &hellip;<\/p>\n","protected":false},"author":5,"featured_media":28496,"comment_status":"open","ping_status":"open","sticky":false,"template":"","format":"standard","meta":{"_mi_skip_tracking":false},"categories":[50,37],"tags":[1992,694,7656],"_links":{"self":[{"href":"https:\/\/visionpeninsular.com\/mid\/wp-json\/wp\/v2\/posts\/28494"}],"collection":[{"href":"https:\/\/visionpeninsular.com\/mid\/wp-json\/wp\/v2\/posts"}],"about":[{"href":"https:\/\/visionpeninsular.com\/mid\/wp-json\/wp\/v2\/types\/post"}],"author":[{"embeddable":true,"href":"https:\/\/visionpeninsular.com\/mid\/wp-json\/wp\/v2\/users\/5"}],"replies":[{"embeddable":true,"href":"https:\/\/visionpeninsular.com\/mid\/wp-json\/wp\/v2\/comments?post=28494"}],"version-history":[{"count":2,"href":"https:\/\/visionpeninsular.com\/mid\/wp-json\/wp\/v2\/posts\/28494\/revisions"}],"predecessor-version":[{"id":28498,"href":"https:\/\/visionpeninsular.com\/mid\/wp-json\/wp\/v2\/posts\/28494\/revisions\/28498"}],"wp:featuredmedia":[{"embeddable":true,"href":"https:\/\/visionpeninsular.com\/mid\/wp-json\/wp\/v2\/media\/28496"}],"wp:attachment":[{"href":"https:\/\/visionpeninsular.com\/mid\/wp-json\/wp\/v2\/media?parent=28494"}],"wp:term":[{"taxonomy":"category","embeddable":true,"href":"https:\/\/visionpeninsular.com\/mid\/wp-json\/wp\/v2\/categories?post=28494"},{"taxonomy":"post_tag","embeddable":true,"href":"https:\/\/visionpeninsular.com\/mid\/wp-json\/wp\/v2\/tags?post=28494"}],"curies":[{"name":"wp","href":"https:\/\/api.w.org\/{rel}","templated":true}]}}