{"id":28399,"date":"2017-08-14T11:29:19","date_gmt":"2017-08-14T16:29:19","guid":{"rendered":"http:\/\/visionpeninsular.com\/mid\/?p=28399"},"modified":"2017-08-14T11:29:19","modified_gmt":"2017-08-14T16:29:19","slug":"pronta-respuesta-freddy-ruz-guzman-a-peticiones-empresarios-la-zona-industrial","status":"publish","type":"post","link":"https:\/\/visionpeninsular.com\/mid\/pronta-respuesta-freddy-ruz-guzman-a-peticiones-empresarios-la-zona-industrial\/","title":{"rendered":"Pronta respuesta de Freddy Ruz Guzm\u00e1n a peticiones de empresarios de la zona industrial"},"content":{"rendered":"<p>El presidente municipal de Um\u00e1n, Freddy Ruz Guzm\u00e1n, instruy\u00f3 al personal de obras p\u00fablicas para dar mantenimiento y reparaci\u00f3n de baches que hay en la avenida principal del corredor industrial M\u00e9rida-Um\u00e1n, en pronta atenci\u00f3n a la solicitud de empresarios de la zona, y para certificar el compromiso, acudi\u00f3 a supervisar personalmente los trabajos para que \u00e9stos se desarrollen de manera correcta.<\/p>\n<p>El alcalde coment\u00f3 \u00a0que mejorar la movilidad es \u00a0uno de sus principales compromisos, raz\u00f3n por la cual decidi\u00f3 atender este problema y comenzar a darle soluci\u00f3n, a pesar que como ayuntamiento no le corresponde resolver esta situaci\u00f3n, sino que es la Secretar\u00eda de Comunicaciones y Transportes la que deber\u00eda tomar cartas en el asunto.<\/p>\n<p>\u201cAqu\u00ed estamos solucionando un problema que tiene muchos a\u00f1os, solo pido a la poblaci\u00f3n paciencia porque las lluvias muchas veces impiden la realizaci\u00f3n de los trabajos, quiero que sepan que tengo la voluntad de sacar adelante a Um\u00e1n y poco a poco lo estamos logrando; ustedes han visto que muchas autoridades pasaron y nadie hizo nada\u201d, indic\u00f3.<\/p>\n<p>De igual modo, inform\u00f3 que se est\u00e1 trabajando en un proyecto integral que determin\u00e9 los costos, tiempo y materiales para que la calle quede en \u00f3ptimas condiciones y permitir seguir atrayendo inversiones\u00a0 al municipio, en coordinaci\u00f3n con los empresarios de la zona.<\/p>\n<p>&nbsp;<\/p>\n<div class='share-to-whatsapp-wrapper'><div class='share-on-whsp'>Share on: <\/div><a data-text='Pronta respuesta de Freddy Ruz Guzm\u00e1n a peticiones de empresarios de la zona industrial' data-link='https:\/\/visionpeninsular.com\/mid\/pronta-respuesta-freddy-ruz-guzman-a-peticiones-empresarios-la-zona-industrial\/' class='whatsapp-button whatsapp-share'>WhatsApp<\/a><div class='clear '><\/div><\/div>","protected":false},"excerpt":{"rendered":"<p>El presidente municipal de Um\u00e1n, Freddy Ruz Guzm\u00e1n, instruy\u00f3 al personal de obras p\u00fablicas para dar mantenimiento y reparaci\u00f3n de baches que hay en la avenida principal del corredor industrial M\u00e9rida-Um\u00e1n, en pronta atenci\u00f3n a la solicitud de empresarios de la zona, y para certificar el compromiso, acudi\u00f3 a supervisar personalmente los trabajos para que &hellip;<\/p>\n","protected":false},"author":5,"featured_media":28401,"comment_status":"open","ping_status":"open","sticky":false,"template":"","format":"standard","meta":{"_mi_skip_tracking":false},"categories":[50,37],"tags":[7711,7712,231,7710,145],"_links":{"self":[{"href":"https:\/\/visionpeninsular.com\/mid\/wp-json\/wp\/v2\/posts\/28399"}],"collection":[{"href":"https:\/\/visionpeninsular.com\/mid\/wp-json\/wp\/v2\/posts"}],"about":[{"href":"https:\/\/visionpeninsular.com\/mid\/wp-json\/wp\/v2\/types\/post"}],"author":[{"embeddable":true,"href":"https:\/\/visionpeninsular.com\/mid\/wp-json\/wp\/v2\/users\/5"}],"replies":[{"embeddable":true,"href":"https:\/\/visionpeninsular.com\/mid\/wp-json\/wp\/v2\/comments?post=28399"}],"version-history":[{"count":1,"href":"https:\/\/visionpeninsular.com\/mid\/wp-json\/wp\/v2\/posts\/28399\/revisions"}],"predecessor-version":[{"id":28402,"href":"https:\/\/visionpeninsular.com\/mid\/wp-json\/wp\/v2\/posts\/28399\/revisions\/28402"}],"wp:featuredmedia":[{"embeddable":true,"href":"https:\/\/visionpeninsular.com\/mid\/wp-json\/wp\/v2\/media\/28401"}],"wp:attachment":[{"href":"https:\/\/visionpeninsular.com\/mid\/wp-json\/wp\/v2\/media?parent=28399"}],"wp:term":[{"taxonomy":"category","embeddable":true,"href":"https:\/\/visionpeninsular.com\/mid\/wp-json\/wp\/v2\/categories?post=28399"},{"taxonomy":"post_tag","embeddable":true,"href":"https:\/\/visionpeninsular.com\/mid\/wp-json\/wp\/v2\/tags?post=28399"}],"curies":[{"name":"wp","href":"https:\/\/api.w.org\/{rel}","templated":true}]}}