{"id":27905,"date":"2017-08-05T11:18:25","date_gmt":"2017-08-05T16:18:25","guid":{"rendered":"http:\/\/visionpeninsular.com\/mid\/?p=27905"},"modified":"2017-08-05T11:18:25","modified_gmt":"2017-08-05T16:18:25","slug":"calor-causante-enfermedades-gastrointestinales","status":"publish","type":"post","link":"https:\/\/visionpeninsular.com\/mid\/calor-causante-enfermedades-gastrointestinales\/","title":{"rendered":"El calor, causante de enfermedades gastrointestinales"},"content":{"rendered":"<p>El director de salud del municipio de M\u00e9rida, Antonio Peraza Valdez, inform\u00f3 que las altas temperaturas registradas durante los \u00faltimos meses en la entidad, han disparado el aumento de enfermedades gastrointestinales.<\/p>\n<p>El m\u00e9dico inform\u00f3 que estos padecimientos han aumentado entre un 20 y 25 por ciento, principalmente por ingerir alimentos con bacterias descompuestos por las altas temperaturas; explic\u00f3 que las condiciones de nuestro entorno son de cuidado ante las elevadas temperaturas del d\u00eda que ocasionan que algunos alimentos puedan descomponerse r\u00e1pidamente.<\/p>\n<p>Dijo que los dispensarios y unidades m\u00e9dicas municipales, de las 29 mil consultas que ofrecen, un 15 por ciento son por problemas gastrointestinales, pero en los tres \u00faltimos meses, estas cifras han aumentado notablemente hasta un 25 por ciento; se\u00f1al\u00f3 \u00a0que nuestro entorno y pr\u00e1cticas alimenticias deben de mejorar, fundamentalmente al ingerir alimentos en la calle, debido a que muchos productos no son siempre frescos, no tienen la cocci\u00f3n necesaria y est\u00e1n a la intemperie, esto obliga\u00a0 al\u00a0 \u00a0desarrollo de bacterias que se descomponen en el funcionamiento intestinal.<\/p>\n<p>Asimismo, manifest\u00f3 que es importante cuidar al m\u00e1ximo la limpieza de las manos, lavar las frutas y verduras al ingerirlas, en especial cuando son alimentos para infantes o personas de la tercera edad. Proteger los alimentos con una buena refrigeraci\u00f3n y as\u00ed evitar la descomposici\u00f3n de los mismos; tambi\u00e9n dijo que ante los s\u00edntomas de v\u00f3mito, mareos, dolores estomacales, fiebre o deposiciones, es preciso acudir al m\u00e9dico y no automedicarse, debido a la condici\u00f3n de utilizar productos o medicamentos que no solucionan estas enfermedades.<\/p>\n<p>Enfatiz\u00f3 en \u00a0darle prioridad a la alimentaci\u00f3n de productos frescos, limpios y bien cocidos y de esta manera protegerlos en el refrigerador ante la previsi\u00f3n de que puedan contaminarse o crear bacterias que afecten al est\u00f3mago.<\/p>\n<p>En M\u00e9rida, recalc\u00f3, el 65 por ciento de las consultas de primer contacto son por padecimientos respiratorios y 15 por ciento por enfermedades gastrointestinales, pero estas temporadas de calor, las cifras cambian, con reportes de hasta un 25 por ciento de consultas por diarreas y c\u00f3licos abdominales.<\/p>\n<p>&nbsp;<\/p>\n<p>&nbsp;<\/p>\n<div class='share-to-whatsapp-wrapper'><div class='share-on-whsp'>Share on: <\/div><a data-text='El calor, causante de enfermedades gastrointestinales' data-link='https:\/\/visionpeninsular.com\/mid\/calor-causante-enfermedades-gastrointestinales\/' class='whatsapp-button whatsapp-share'>WhatsApp<\/a><div class='clear '><\/div><\/div>","protected":false},"excerpt":{"rendered":"<p>El director de salud del municipio de M\u00e9rida, Antonio Peraza Valdez, inform\u00f3 que las altas temperaturas registradas durante los \u00faltimos meses en la entidad, han disparado el aumento de enfermedades gastrointestinales. El m\u00e9dico inform\u00f3 que estos padecimientos han aumentado entre un 20 y 25 por ciento, principalmente por ingerir alimentos con bacterias descompuestos por las &hellip;<\/p>\n","protected":false},"author":5,"featured_media":27909,"comment_status":"open","ping_status":"open","sticky":false,"template":"","format":"standard","meta":{"_mi_skip_tracking":false},"categories":[50,37],"tags":[498,7560],"_links":{"self":[{"href":"https:\/\/visionpeninsular.com\/mid\/wp-json\/wp\/v2\/posts\/27905"}],"collection":[{"href":"https:\/\/visionpeninsular.com\/mid\/wp-json\/wp\/v2\/posts"}],"about":[{"href":"https:\/\/visionpeninsular.com\/mid\/wp-json\/wp\/v2\/types\/post"}],"author":[{"embeddable":true,"href":"https:\/\/visionpeninsular.com\/mid\/wp-json\/wp\/v2\/users\/5"}],"replies":[{"embeddable":true,"href":"https:\/\/visionpeninsular.com\/mid\/wp-json\/wp\/v2\/comments?post=27905"}],"version-history":[{"count":1,"href":"https:\/\/visionpeninsular.com\/mid\/wp-json\/wp\/v2\/posts\/27905\/revisions"}],"predecessor-version":[{"id":27910,"href":"https:\/\/visionpeninsular.com\/mid\/wp-json\/wp\/v2\/posts\/27905\/revisions\/27910"}],"wp:featuredmedia":[{"embeddable":true,"href":"https:\/\/visionpeninsular.com\/mid\/wp-json\/wp\/v2\/media\/27909"}],"wp:attachment":[{"href":"https:\/\/visionpeninsular.com\/mid\/wp-json\/wp\/v2\/media?parent=27905"}],"wp:term":[{"taxonomy":"category","embeddable":true,"href":"https:\/\/visionpeninsular.com\/mid\/wp-json\/wp\/v2\/categories?post=27905"},{"taxonomy":"post_tag","embeddable":true,"href":"https:\/\/visionpeninsular.com\/mid\/wp-json\/wp\/v2\/tags?post=27905"}],"curies":[{"name":"wp","href":"https:\/\/api.w.org\/{rel}","templated":true}]}}