{"id":27719,"date":"2017-08-01T11:17:00","date_gmt":"2017-08-01T16:17:00","guid":{"rendered":"http:\/\/visionpeninsular.com\/mid\/?p=27719"},"modified":"2017-08-01T11:17:00","modified_gmt":"2017-08-01T16:17:00","slug":"yucatan-marca-nuevo-record-ocupacion-hotelera","status":"publish","type":"post","link":"https:\/\/visionpeninsular.com\/mid\/yucatan-marca-nuevo-record-ocupacion-hotelera\/","title":{"rendered":"Yucat\u00e1n marca nuevo r\u00e9cord de ocupaci\u00f3n hotelera"},"content":{"rendered":"<p>Junio present\u00f3 de nueva cuenta un r\u00e9cord de ocupaci\u00f3n hotelera en M\u00e9rida, lo que super\u00f3 en un 5 % al a\u00f1o anterior, seg\u00fan informaci\u00f3n proporcionada por H\u00e9ctor Navarrete Medina, presidente de la Asociaci\u00f3n Mexicana de Hoteleros en Yucat\u00e1n, mencionando que fue un mes movido, marcando la tendencia a la alza en el sector del hospedaje, con cifras significativas.<\/p>\n<p>Asimismo, se\u00f1al\u00f3 que el primer semestre cerrar\u00e1 con un nuevo r\u00e9cord de ocupaci\u00f3n con seis meses seguidos de tendencia favorable, comparado con 2016.<\/p>\n<p>De acuerdo con los primeros reportes, hay indicios de incremento de ocupaci\u00f3n en todo el sector hotelero, ya que \u00e9ste ha mejorado notablemente en la entidad, y las mejores cifras las arrojan Progreso, Valladolid, Izamal, Uxmal, Chich\u00e9n Itz\u00e1, mayores que el a\u00f1o pasado.<\/p>\n<p>Navarrete Medina puntualiz\u00f3 que esta carrera a la alza es importante, pero mucho m\u00e1s responder\u00e1 al reto de mantenerlo, porque ahora la demanda es de mano de obra, para nuevos empleos, capacitarlos y darle al turista el trato que requiere.<\/p>\n<p>\u201cTenemos que establecer que 2016 fue muy bueno, pero este a\u00f1o Yucat\u00e1n crece 14 puntos m\u00e1s de ocupaci\u00f3n que el a\u00f1o pasado. Con ello nuevos hoteles, una oferta mayor para el viajero que dispone de opciones m\u00e1s amplias para cubrir sus necesidades\u201d, insisti\u00f3.<\/p>\n<p>Con respecto a la ocupaci\u00f3n hotelera, pas\u00f3 de un 41.76 por ciento registrado en 2013 contra un 61.69 por ciento del primer trimestre de este a\u00f1o, lo que arroja una diferencia de 19.93 puntos porcentuales. Para este segundo trimestre la tendencia crecer\u00e1 en un estimado de un 5 por ciento, en meses que eran considerados bajo de ocupaci\u00f3n, repuso.<\/p>\n<p>Los meses de enero y febrero que se hab\u00edan caracterizado por ser una temporada por lo general dif\u00edcil para los hoteleros, ahora se puede considerar un importante per\u00edodo de alta ocupaci\u00f3n, agreg\u00f3.\u00a0 En la actual temporada vacacional de verano, las cifras podr\u00e1n cerrarse hasta septiembre; sin embargo, junio nos marca con una nuevo crecimiento positivo, lo que se verificar\u00e1 a la entrega de las cifras del primer semestre pr\u00f3ximamente.<\/p>\n<p>&nbsp;<\/p>\n<div class='share-to-whatsapp-wrapper'><div class='share-on-whsp'>Share on: <\/div><a data-text='Yucat\u00e1n marca nuevo r\u00e9cord de ocupaci\u00f3n hotelera' data-link='https:\/\/visionpeninsular.com\/mid\/yucatan-marca-nuevo-record-ocupacion-hotelera\/' class='whatsapp-button whatsapp-share'>WhatsApp<\/a><div class='clear '><\/div><\/div>","protected":false},"excerpt":{"rendered":"<p>Junio present\u00f3 de nueva cuenta un r\u00e9cord de ocupaci\u00f3n hotelera en M\u00e9rida, lo que super\u00f3 en un 5 % al a\u00f1o anterior, seg\u00fan informaci\u00f3n proporcionada por H\u00e9ctor Navarrete Medina, presidente de la Asociaci\u00f3n Mexicana de Hoteleros en Yucat\u00e1n, mencionando que fue un mes movido, marcando la tendencia a la alza en el sector del hospedaje, &hellip;<\/p>\n","protected":false},"author":5,"featured_media":27721,"comment_status":"open","ping_status":"open","sticky":false,"template":"","format":"standard","meta":{"_mi_skip_tracking":false},"categories":[50,37],"tags":[7507,1805,3483,77],"_links":{"self":[{"href":"https:\/\/visionpeninsular.com\/mid\/wp-json\/wp\/v2\/posts\/27719"}],"collection":[{"href":"https:\/\/visionpeninsular.com\/mid\/wp-json\/wp\/v2\/posts"}],"about":[{"href":"https:\/\/visionpeninsular.com\/mid\/wp-json\/wp\/v2\/types\/post"}],"author":[{"embeddable":true,"href":"https:\/\/visionpeninsular.com\/mid\/wp-json\/wp\/v2\/users\/5"}],"replies":[{"embeddable":true,"href":"https:\/\/visionpeninsular.com\/mid\/wp-json\/wp\/v2\/comments?post=27719"}],"version-history":[{"count":1,"href":"https:\/\/visionpeninsular.com\/mid\/wp-json\/wp\/v2\/posts\/27719\/revisions"}],"predecessor-version":[{"id":27722,"href":"https:\/\/visionpeninsular.com\/mid\/wp-json\/wp\/v2\/posts\/27719\/revisions\/27722"}],"wp:featuredmedia":[{"embeddable":true,"href":"https:\/\/visionpeninsular.com\/mid\/wp-json\/wp\/v2\/media\/27721"}],"wp:attachment":[{"href":"https:\/\/visionpeninsular.com\/mid\/wp-json\/wp\/v2\/media?parent=27719"}],"wp:term":[{"taxonomy":"category","embeddable":true,"href":"https:\/\/visionpeninsular.com\/mid\/wp-json\/wp\/v2\/categories?post=27719"},{"taxonomy":"post_tag","embeddable":true,"href":"https:\/\/visionpeninsular.com\/mid\/wp-json\/wp\/v2\/tags?post=27719"}],"curies":[{"name":"wp","href":"https:\/\/api.w.org\/{rel}","templated":true}]}}