{"id":27468,"date":"2017-07-26T14:05:16","date_gmt":"2017-07-26T19:05:16","guid":{"rendered":"http:\/\/visionpeninsular.com\/mid\/?p=27468"},"modified":"2017-07-26T14:05:16","modified_gmt":"2017-07-26T19:05:16","slug":"ayuntamiento-merida-interpondra-denuncia-tala-16-arboles-chaka-en-la-avenida-libano","status":"publish","type":"post","link":"https:\/\/visionpeninsular.com\/mid\/ayuntamiento-merida-interpondra-denuncia-tala-16-arboles-chaka-en-la-avenida-libano\/","title":{"rendered":"Ayuntamiento de M\u00e9rida interpondr\u00e1 denuncia por tala de 16 \u00e1rboles de Chak\u00e1 en la Avenida L\u00edbano"},"content":{"rendered":"<p>Esta ma\u00f1ana, personal de la Unidad de Desarrollo Sustentable y la Direcci\u00f3n de Servicios P\u00fablicos Municipales documentaron los da\u00f1os causados a 16 \u00e1rboles de la especie Chak\u00e1 que fueron talados en los camellones ubicados la Avenida L\u00edbano, en el tramo que va de la calle 20 entre 1 C de la colonia M\u00e9xico Norte y la 23 de la colonia Emiliano Zapata Norte.<\/p>\n<p>Luego de recibir un reporte de vecinos, acudieron\u00a0 al sitio sus titulares, Sayda Rodr\u00edguez G\u00f3mez y Luis Jorge Montalvo Duarte, respectivamente y con el apoyo del personal del departamento de Inspecci\u00f3n Ambiental verificaron el corte ocasionado a estos ejemplares que apenas el 22 de julio pasado, se hab\u00edan sembrado como parte de las acciones del Plan de Infraestructura Verde.<\/p>\n<p>Sayda Rodr\u00edguez inform\u00f3 que los \u00e1rboles median poco m\u00e1s de tres metros y por su altura se calcula una edad de alrededor de cinco a\u00f1os por cada uno. Esta especie puede llegar alcanzar hasta 15 metros de altura, con el tronco recto, escamoso y muy ramificado en la copa.<\/p>\n<p>Los \u00e1rboles fueron plantados a una distancia de aproximadamente tres metros entre cada uno.<\/p>\n<p>Luego de documentar los da\u00f1os, el titular de Gobernaci\u00f3n inform\u00f3 que el departamento jur\u00eddico interpondr\u00e1 la denuncia correspondiente por posibles hechos delictuosos ante el Ministerio P\u00fablico.<\/p>\n<div class='share-to-whatsapp-wrapper'><div class='share-on-whsp'>Share on: <\/div><a data-text='Ayuntamiento de M\u00e9rida interpondr\u00e1 denuncia por tala de 16 \u00e1rboles de Chak\u00e1 en la Avenida L\u00edbano' data-link='https:\/\/visionpeninsular.com\/mid\/ayuntamiento-merida-interpondra-denuncia-tala-16-arboles-chaka-en-la-avenida-libano\/' class='whatsapp-button whatsapp-share'>WhatsApp<\/a><div class='clear '><\/div><\/div>","protected":false},"excerpt":{"rendered":"<p>Esta ma\u00f1ana, personal de la Unidad de Desarrollo Sustentable y la Direcci\u00f3n de Servicios P\u00fablicos Municipales documentaron los da\u00f1os causados a 16 \u00e1rboles de la especie Chak\u00e1 que fueron talados en los camellones ubicados la Avenida L\u00edbano, en el tramo que va de la calle 20 entre 1 C de la colonia M\u00e9xico Norte y &hellip;<\/p>\n","protected":false},"author":5,"featured_media":27470,"comment_status":"open","ping_status":"open","sticky":false,"template":"","format":"standard","meta":{"_mi_skip_tracking":false},"categories":[49,37],"tags":[7441,7437,7442,456],"_links":{"self":[{"href":"https:\/\/visionpeninsular.com\/mid\/wp-json\/wp\/v2\/posts\/27468"}],"collection":[{"href":"https:\/\/visionpeninsular.com\/mid\/wp-json\/wp\/v2\/posts"}],"about":[{"href":"https:\/\/visionpeninsular.com\/mid\/wp-json\/wp\/v2\/types\/post"}],"author":[{"embeddable":true,"href":"https:\/\/visionpeninsular.com\/mid\/wp-json\/wp\/v2\/users\/5"}],"replies":[{"embeddable":true,"href":"https:\/\/visionpeninsular.com\/mid\/wp-json\/wp\/v2\/comments?post=27468"}],"version-history":[{"count":1,"href":"https:\/\/visionpeninsular.com\/mid\/wp-json\/wp\/v2\/posts\/27468\/revisions"}],"predecessor-version":[{"id":27471,"href":"https:\/\/visionpeninsular.com\/mid\/wp-json\/wp\/v2\/posts\/27468\/revisions\/27471"}],"wp:featuredmedia":[{"embeddable":true,"href":"https:\/\/visionpeninsular.com\/mid\/wp-json\/wp\/v2\/media\/27470"}],"wp:attachment":[{"href":"https:\/\/visionpeninsular.com\/mid\/wp-json\/wp\/v2\/media?parent=27468"}],"wp:term":[{"taxonomy":"category","embeddable":true,"href":"https:\/\/visionpeninsular.com\/mid\/wp-json\/wp\/v2\/categories?post=27468"},{"taxonomy":"post_tag","embeddable":true,"href":"https:\/\/visionpeninsular.com\/mid\/wp-json\/wp\/v2\/tags?post=27468"}],"curies":[{"name":"wp","href":"https:\/\/api.w.org\/{rel}","templated":true}]}}