{"id":27019,"date":"2017-07-18T08:36:36","date_gmt":"2017-07-18T13:36:36","guid":{"rendered":"http:\/\/visionpeninsular.com\/mid\/?p=27019"},"modified":"2017-07-18T08:36:36","modified_gmt":"2017-07-18T13:36:36","slug":"entrega-mauricio-vila-dosal-trabajos-conservacion-del-monumento-a-la-patria","status":"publish","type":"post","link":"https:\/\/visionpeninsular.com\/mid\/entrega-mauricio-vila-dosal-trabajos-conservacion-del-monumento-a-la-patria\/","title":{"rendered":"Entrega Mauricio Vila Dosal  trabajos de conservaci\u00f3n del Monumento a la Patria"},"content":{"rendered":"<p>El alcalde Mauricio Vila Dosal entreg\u00f3\u00a0 esta ma\u00f1ana las obras de limpieza y conservaci\u00f3n del Monumento a la Patria, trabajos que se suman al mejoramiento de la infraestructura tur\u00edstica de M\u00e9rida y la conservaci\u00f3n del Patrimonio Cultural y Urban\u00edstica de la ciudad.<\/p>\n<p>Ante representantes del Instituto Nacional de Antropolog\u00eda e Historia (INAH), el Patronato Pro Historia Peninsular de Yucat\u00e1n A.C. (PROHISPEN), de la organizaci\u00f3n Cultura Yucat\u00e1n A.C. y el Patronato para la Preservaci\u00f3n del Centro Hist\u00f3rico de la Ciudad de M\u00e9rida A.C. el presidente municipal subray\u00f3 la participaci\u00f3n de \u00e9stos organismos para realizar una intervenci\u00f3n a fondo que hoy permite presumir al mundo un \u00edcono de nuestra historia e identidad.<\/p>\n<p>Record\u00f3 que en octubre pasado\u00a0 se anunciaron los trabajos en esta obra del escultor colombiano R\u00f3mulo Rozo con una inversi\u00f3n de 1.9 millones de pesos; misma que en el marco de M\u00e9rida, Capital Americana de la Cultura 2017, fue elegida por los ciudadanos como uno de los Siete Tesoros del Patrimonio Cultural de M\u00e9rida junto a la Catedral de San Ildefonso, la Casa de Francisco de Montejo,\u00a0 la zona arqueol\u00f3gica de Dzibilchalt\u00fan, el teatro Jos\u00e9 Pe\u00f3n Contreras, el Paseo de Montejo y las haciendas de M\u00e9rida.<\/p>\n<p>Margarita D\u00edaz Rubio, presidenta del Patronato Pro Historia Peninsular de Yucat\u00e1n A.C. (PROHISPEN),\u00a0 se\u00f1al\u00f3 que la sociedad civil est\u00e1 consciente de la dif\u00edcil tarea de gobernar.<\/p>\n<p>-Ahora hay m\u00e1s conciencia de preservaci\u00f3n en todos los \u00e1mbitos y debe permanecer en todos nosotros para nuestro beneficio y de generaciones futuras. Felicitamos a la administraci\u00f3n municipal de Mauricio Vila por esta iniciativa- coment\u00f3.<\/p>\n<p>Record\u00f3 que cuando era interna del Colegio Teresiano, ubicado frente a la escultura, fue testigo presencial del trabajo de Rozo, quien siempre utilizaba sandalias blancas y sombrero.<\/p>\n<p>-Estoy segura que desde el Parnaso (el Cielo de los Poetas) est\u00e1 aplaudiendo esta iniciativa que era sumamente necesaria para su querido monumento- record\u00f3.<\/p>\n<p>El alcalde Mauricio Vila agreg\u00f3 que la intervenci\u00f3n del Monumento a la Patria se une a las labores de preservaci\u00f3n del Centro Hist\u00f3rico, puestas en marcha el a\u00f1o pasado como la firma de un convenio con el gobierno estatal para concluir las aceras con una inversi\u00f3n de 8 millones y la rehabilitaci\u00f3n de 89 fachadas de la zona m\u00e1s tur\u00edstica del Centro Hist\u00f3rico.<\/p>\n<p>Se llegaron a acuerdos con la sociedad civil, la Junta de Agua Potable y Alcantarillado de Yucat\u00e1n (Japay) y la Comisi\u00f3n Federal de Electricidad para elaborar el Programa de Mantenimiento Permanente del Centro Hist\u00f3rico, reflej\u00e1ndose en la limpieza continua y en la intervenci\u00f3n de los arcos del Puente, de Dragones y de San Juan, el enverjado de la Catedral y los murales del Palacio Municipal.<\/p>\n<p>-Adem\u00e1s, cambiamos las luminarias e instalamos internet inal\u00e1mbrico en Paseo de Montejo y el Centro Hist\u00f3rico- resalt\u00f3.<\/p>\n<p>Mauricio Vila recalc\u00f3 que estos trabajos se reflejan en el aumento de turismo en M\u00e9rida, report\u00e1ndose en 2016 un aumento de 17% con respecto a 2015, y para este momento de 2017 ya se alcanz\u00f3 una cifra similar.<\/p>\n<p>Acciones de conservaci\u00f3n<\/p>\n<p>Los trabajos de conservaci\u00f3n, bajo la supervisi\u00f3n permanente del Instituto Nacional de Antropolog\u00eda e Historia (INAH), fueron dirigidos por el antrop\u00f3logo Mauricio Jim\u00e9nez Ram\u00edrez e\u00a0 incluyeron la eliminaci\u00f3n de los materiales ajenos a la f\u00e1brica original porque provocaron reacciones que con el paso del tiempo afectaron la estructura de los sillares.<\/p>\n<p>El especialista indic\u00f3 que\u00a0 recuperaron el delineado original de R\u00f3mulo Rozo y aplicaron una nueva pintura a base de cera. Tambi\u00e9n se aplicaron pruebas de agua a presi\u00f3n para la resistencia y se retiraron manchas de grasa, aceite y chicle.<\/p>\n<p>-Esperamos que los visitantes tengan m\u00e1s conciencia y no derramen o tiren sustancias que puedan da\u00f1ar la estructura- agreg\u00f3.<\/p>\n<p>Se analiz\u00f3 el material p\u00e9treo para seleccionar los mejores m\u00e9todos para eliminar la suciedad, microorganismos, pinturas y preservar a largo plazo el material. Los procesos realizados permitir\u00e1n que se conserve por mucho m\u00e1s tiempo\u00a0 y se dejar\u00e1 un manual final de conservaci\u00f3n con recomendaciones de uso a fin de que se mantenga en buen estado.<\/p>\n<p>Aref Karam Esp\u00f3sitos, director de Desarrollo Urbano, record\u00f3 que los anteriores trabajos de conservaci\u00f3n y limpieza se realizaron en 1972 y 1995.\u00a0 La intervenci\u00f3n actual requiri\u00f3 una investigaci\u00f3n historiogr\u00e1fica, una revisi\u00f3n diagn\u00f3stica para poder determinar los deterioros existentes y el establecimiento de un plan de acci\u00f3n.<\/p>\n<p>El proyecto determin\u00f3 que s\u00ed\u00a0 era posible rescatar el espejo de agua (que representa el Lago de Texcoco) porque la bomba original se encuentra en condiciones de operar.\u00a0 Sin embargo, el pozo estaba contaminado, por lo que se tuvieron que tomar decisiones que garantizaran su funcionamiento sin afectar la estructura.<\/p>\n<p>-Estos trabajos representaron un reto\u00a0 que dieron como resultado lo que hoy podemos apreciar: la vuelta del esplendor con un inmaculado respeto a su concepci\u00f3n original, fruto del trabajo coordinador de Mauricio Jim\u00e9nez y su equipo, el INAH y el Ayuntamiento de M\u00e9rida- especific\u00f3.<\/p>\n<p>Testimonios de su historia<\/p>\n<p>El Monumento a la Patria se construy\u00f3 entre 1945 a 1957 bajo indicaciones del gobernador Ernesto Novelo Torres, colaborando varios estados y los\u00a0 reconocidos arquitectos Manuel y Max Am\u00e1bilis.<\/p>\n<p>El colombiano R\u00f3mulo Rozo Pe\u00f1a, nacido en Bogot\u00e1, Colombia, fue el autor de la obra. Decidi\u00f3 abandonar Sudam\u00e9rica para residir en M\u00e9rida atra\u00eddo por las tradiciones mayas de Yucat\u00e1n donde se le encomend\u00f3 la creaci\u00f3n perteneciente al g\u00e9nero nacionalista mexicano.<\/p>\n<p>Al evento tambi\u00e9n asistieron Jorge Escalante Bolio, presidente de CETUR en representaci\u00f3n del Consejo Coordinador Empresarial; Limber Herrera Balam, presidente de AYERAC; Carlos Erosa Burgos, presidente del Colegio de Ingenieros Civiles de Yucat\u00e1n; Eduardo L\u00f3pez Calzada,\u00a0 delegado estatal del Centro INAH Yucat\u00e1n; Humberto Sauri Duch, secretario t\u00e9cnico de la Fundaci\u00f3n Plan Estrat\u00e9gico de Yucat\u00e1n A.C.; Abar Yerves Maldonado, representante de la Sociedad Yucateca de Ingenier\u00eda Sanitaria y Ambiental; H\u00e9ctor Navarrete Medina, presidente de la Asociaci\u00f3n Mexicana de Hoteles A.C.; Ricardo D\u00e1jer Nahum, director del hotel Victoria; Mar\u00eda Fritz Sierra, secretaria municipal y los regidores Mauricio D\u00edaz Montalvo, Leonardo Parra Canto y Jos\u00e9 Luis Mart\u00ednez Semerena.<\/p>\n<p>&nbsp;<\/p>\n<div class='share-to-whatsapp-wrapper'><div class='share-on-whsp'>Share on: <\/div><a data-text='Entrega Mauricio Vila Dosal  trabajos de conservaci\u00f3n del Monumento a la Patria' data-link='https:\/\/visionpeninsular.com\/mid\/entrega-mauricio-vila-dosal-trabajos-conservacion-del-monumento-a-la-patria\/' class='whatsapp-button whatsapp-share'>WhatsApp<\/a><div class='clear '><\/div><\/div>","protected":false},"excerpt":{"rendered":"<p>El alcalde Mauricio Vila Dosal entreg\u00f3\u00a0 esta ma\u00f1ana las obras de limpieza y conservaci\u00f3n del Monumento a la Patria, trabajos que se suman al mejoramiento de la infraestructura tur\u00edstica de M\u00e9rida y la conservaci\u00f3n del Patrimonio Cultural y Urban\u00edstica de la ciudad. Ante representantes del Instituto Nacional de Antropolog\u00eda e Historia (INAH), el Patronato Pro &hellip;<\/p>\n","protected":false},"author":5,"featured_media":27021,"comment_status":"open","ping_status":"open","sticky":false,"template":"","format":"standard","meta":{"_mi_skip_tracking":false},"categories":[49,37],"tags":[41,7325,7326,1306,3424],"_links":{"self":[{"href":"https:\/\/visionpeninsular.com\/mid\/wp-json\/wp\/v2\/posts\/27019"}],"collection":[{"href":"https:\/\/visionpeninsular.com\/mid\/wp-json\/wp\/v2\/posts"}],"about":[{"href":"https:\/\/visionpeninsular.com\/mid\/wp-json\/wp\/v2\/types\/post"}],"author":[{"embeddable":true,"href":"https:\/\/visionpeninsular.com\/mid\/wp-json\/wp\/v2\/users\/5"}],"replies":[{"embeddable":true,"href":"https:\/\/visionpeninsular.com\/mid\/wp-json\/wp\/v2\/comments?post=27019"}],"version-history":[{"count":1,"href":"https:\/\/visionpeninsular.com\/mid\/wp-json\/wp\/v2\/posts\/27019\/revisions"}],"predecessor-version":[{"id":27022,"href":"https:\/\/visionpeninsular.com\/mid\/wp-json\/wp\/v2\/posts\/27019\/revisions\/27022"}],"wp:featuredmedia":[{"embeddable":true,"href":"https:\/\/visionpeninsular.com\/mid\/wp-json\/wp\/v2\/media\/27021"}],"wp:attachment":[{"href":"https:\/\/visionpeninsular.com\/mid\/wp-json\/wp\/v2\/media?parent=27019"}],"wp:term":[{"taxonomy":"category","embeddable":true,"href":"https:\/\/visionpeninsular.com\/mid\/wp-json\/wp\/v2\/categories?post=27019"},{"taxonomy":"post_tag","embeddable":true,"href":"https:\/\/visionpeninsular.com\/mid\/wp-json\/wp\/v2\/tags?post=27019"}],"curies":[{"name":"wp","href":"https:\/\/api.w.org\/{rel}","templated":true}]}}