{"id":26912,"date":"2017-07-15T11:10:14","date_gmt":"2017-07-15T16:10:14","guid":{"rendered":"http:\/\/visionpeninsular.com\/mid\/?p=26912"},"modified":"2017-07-15T11:10:14","modified_gmt":"2017-07-15T16:10:14","slug":"cil-la-uady-clausura-curso-intensivo-lengua-maya","status":"publish","type":"post","link":"https:\/\/visionpeninsular.com\/mid\/cil-la-uady-clausura-curso-intensivo-lengua-maya\/","title":{"rendered":"CIL de la UADY clausura curso intensivo de lengua maya"},"content":{"rendered":"<p>El Centro Institucional de Lenguas de la Universidad Aut\u00f3noma de Yucat\u00e1n, entreg\u00f3 ayer constancias a los 29 participantes que concluyeron un curso intensivo de 70 horas, durante el cual aprendieron a dominarla y expresarse correctamente.<\/p>\n<p>En la ceremonia se llev\u00f3 a cabo en el Teatro Pe\u00f3n Contreras, se inform\u00f3 que estos cursos son un incentivo para fortalecer la identidad y revalorizar la cultura maya en la formaci\u00f3n acad\u00e9mica de los estudiantes y la sociedad en general; tambi\u00e9n se mencion\u00f3 que la UADY, a trav\u00e9s de esto cursos, reafirma el compromiso social con la oferta de programas de alta calidad, actualizados y con el prop\u00f3sito de que sus egresados sean profesionales innovadores y comprometidos con el cambio.<\/p>\n<p>Daniel V\u00e1zquez Hern\u00e1ndez, coordinador del CIL, explic\u00f3 que este centro al contar con docentes \u00a0maya hablantes capacitados, los estudiantes aprenden desarrollando habilidades interculturales y competencias comunicativas para lograr un desempe\u00f1o exitoso en los \u00a0\u00e1mbitos acad\u00e9mico, laboral y personal; \u00a0record\u00f3 que el CIL tambi\u00e9n ofrece cursos de ingl\u00e9s, franc\u00e9s e italiano para estudiantes, profesores, extranjeros y p\u00fablico en general.<\/p>\n<p>\u201cEntre las prioridades del Centro se encuentra el cuidado por la permanencia y egreso de los estudiantes, asimismo, mantener las cuotas de inscripci\u00f3n m\u00f3dicas y accesibles para el p\u00fablico en general comparado con otras escuelas, institutos o academias\u201d, agreg\u00f3.<\/p>\n<p>El director general de desarrollo acad\u00e9mico de la UADY, Carlos Estrada Pinto, resalt\u00f3 que la Universidad tambi\u00e9n trabaja en proyectos sociales en comunidades de aprendizaje que involucran a las comunidades maya hablantes en su desarrollo, por lo tanto, es indispensable que estudiantes y acad\u00e9micos dominen la lengua maya para poder expresarse con las personas de las comunidades.<\/p>\n<p>\u201cEs primordial el papel que tiene la UADY en la preservaci\u00f3n y difusi\u00f3n de esta ancestral cultura\u201d, apunt\u00f3. Explic\u00f3 que hoy en d\u00eda, el componente cultural hace m\u00e1s significativo el aprendizaje de las lenguas, propicia en el estudiante un incremento en sus habilidades que s\u00f3lo se logra adquiri\u00e9ndolos en contextos reales de aprendizaje.<\/p>\n<p>El Centro Institucional de Lenguas est\u00e1 ubicado en la calle 41 S\/N x 14, Ex terrenos \u201cEl F\u00e9nix\u201d, Colonia Industrial. La informaci\u00f3n de los cursos est\u00e1 disponible en la p\u00e1gina www.scecil.uady.mx<\/p>\n<p>En la mesa principal estuvieron Margarita Zarco Salgado, responsable del programa de Proyectos Sociales, Daniel V\u00e1zquez Hern\u00e1ndez, coordinador del CIL; Carlos Estrada Pinto, Director General de Desarrollo Acad\u00e9mico y Eduardo Guerrero Lara, jefe de la Unidad Acad\u00e9mica del CIL.<\/p>\n<p>&nbsp;<\/p>\n<p>&nbsp;<\/p>\n<div class='share-to-whatsapp-wrapper'><div class='share-on-whsp'>Share on: <\/div><a data-text='CIL de la UADY clausura curso intensivo de lengua maya' data-link='https:\/\/visionpeninsular.com\/mid\/cil-la-uady-clausura-curso-intensivo-lengua-maya\/' class='whatsapp-button whatsapp-share'>WhatsApp<\/a><div class='clear '><\/div><\/div>","protected":false},"excerpt":{"rendered":"<p>El Centro Institucional de Lenguas de la Universidad Aut\u00f3noma de Yucat\u00e1n, entreg\u00f3 ayer constancias a los 29 participantes que concluyeron un curso intensivo de 70 horas, durante el cual aprendieron a dominarla y expresarse correctamente. En la ceremonia se llev\u00f3 a cabo en el Teatro Pe\u00f3n Contreras, se inform\u00f3 que estos cursos son un incentivo &hellip;<\/p>\n","protected":false},"author":5,"featured_media":26914,"comment_status":"open","ping_status":"open","sticky":false,"template":"","format":"standard","meta":{"_mi_skip_tracking":false},"categories":[50,37],"tags":[7297,7298,1112,448],"_links":{"self":[{"href":"https:\/\/visionpeninsular.com\/mid\/wp-json\/wp\/v2\/posts\/26912"}],"collection":[{"href":"https:\/\/visionpeninsular.com\/mid\/wp-json\/wp\/v2\/posts"}],"about":[{"href":"https:\/\/visionpeninsular.com\/mid\/wp-json\/wp\/v2\/types\/post"}],"author":[{"embeddable":true,"href":"https:\/\/visionpeninsular.com\/mid\/wp-json\/wp\/v2\/users\/5"}],"replies":[{"embeddable":true,"href":"https:\/\/visionpeninsular.com\/mid\/wp-json\/wp\/v2\/comments?post=26912"}],"version-history":[{"count":1,"href":"https:\/\/visionpeninsular.com\/mid\/wp-json\/wp\/v2\/posts\/26912\/revisions"}],"predecessor-version":[{"id":26915,"href":"https:\/\/visionpeninsular.com\/mid\/wp-json\/wp\/v2\/posts\/26912\/revisions\/26915"}],"wp:featuredmedia":[{"embeddable":true,"href":"https:\/\/visionpeninsular.com\/mid\/wp-json\/wp\/v2\/media\/26914"}],"wp:attachment":[{"href":"https:\/\/visionpeninsular.com\/mid\/wp-json\/wp\/v2\/media?parent=26912"}],"wp:term":[{"taxonomy":"category","embeddable":true,"href":"https:\/\/visionpeninsular.com\/mid\/wp-json\/wp\/v2\/categories?post=26912"},{"taxonomy":"post_tag","embeddable":true,"href":"https:\/\/visionpeninsular.com\/mid\/wp-json\/wp\/v2\/tags?post=26912"}],"curies":[{"name":"wp","href":"https:\/\/api.w.org\/{rel}","templated":true}]}}