{"id":26842,"date":"2017-07-14T06:13:54","date_gmt":"2017-07-14T11:13:54","guid":{"rendered":"http:\/\/visionpeninsular.com\/mid\/?p=26842"},"modified":"2017-07-14T06:13:54","modified_gmt":"2017-07-14T11:13:54","slug":"atrae-feria-del-carmen-2017-45-mil-personas","status":"publish","type":"post","link":"https:\/\/visionpeninsular.com\/mid\/atrae-feria-del-carmen-2017-45-mil-personas\/","title":{"rendered":"Atrae Feria del Carmen 2017 m\u00e1s de 45 mil personas"},"content":{"rendered":"<p>Este jueves la Feria del Carmen 2017 atrajo a m\u00e1s de 45 mil personas en el sexto d\u00eda de las fiestas tradicionales de la ciudad de Playa del Carmen que se realizan hasta el 18 de julio en el recinto ferial, ubicado en la 115 avenida con Constituyentes, en donde las personas disfrutaron con tranquilidad de un ambiente familiar y la presentaci\u00f3n del grupo de cumbia Los \u00c1ngeles Azules.<\/p>\n<p>\u201cInvitamos a todos los habitantes de Playa del Carmen a que se sumen a estas fiestas, a que acudan a la Feria en Honor a la Virgen del Carmen que es un esfuerzo realizado por el Gobierno de Solidaridad encabezado por la Presidenta Municipal, Cristina Torres, en coordinaci\u00f3n con nuestras familias, las fundadoras de esta ciudad\u201d, se\u00f1al\u00f3 la reina de la Feria del Carmen 2017, Indira Canul Pacheco.<\/p>\n<p>El grupo musical Los \u00c1ngeles Azules ameniz\u00f3 la noche al iniciar el concierto entorno a las 22:30 horas. La canci\u00f3n de apertura fue \u201cEntrega de amor\u201d que puso a bailar a miles de asistentes, seguido de \u201cLas maravillas de mi vida\u201d, \u201cCumbia pa\u00b4 gozar\u201d, \u201cMi ni\u00f1a mujer\u201d, \u201cEl list\u00f3n de tu pelo\u201d, \u201cLa cumbia del acorde\u00f3n\u201d, \u201cComo te voy a olvidar\u201d, \u201c17 a\u00f1os\u201d y \u201cMis sentimientos\u201d.<\/p>\n<p>La Feria del Carmen 2017 es resguardada por elementos de Seguridad P\u00fablica y Tr\u00e1nsito, as\u00ed como por la Direcci\u00f3n General de Protecci\u00f3n Civil, quien coordina los servicios de primeros auxilios de ser necesario; sin embargo, en estos primeros seis d\u00edas, el reporte es saldo blanco.<\/p>\n<p>La zona de juegos mec\u00e1nicos presenta un flujo constante de familias que acompa\u00f1an a los ni\u00f1os y adolescentes a disfrutar de la amplia variedad de opciones para divertirse, donde un equipo de servidores p\u00fablicos orienta a los asistentes.<\/p>\n<p>Asimismo, en el Teatro del Pueblo se presentaron espect\u00e1culos culturales como el grupo Pasi\u00f3n Caribe\u00f1a, el grupo de Danza \u00c1rabe, Equinoccio, Sacbe y Lolbe y el Grupo Precauci\u00f3n. Este viernes se espera el concierto del grupo Mojado.<\/p>\n<div class='share-to-whatsapp-wrapper'><div class='share-on-whsp'>Share on: <\/div><a data-text='Atrae Feria del Carmen 2017 m\u00e1s de 45 mil personas' data-link='https:\/\/visionpeninsular.com\/mid\/atrae-feria-del-carmen-2017-45-mil-personas\/' class='whatsapp-button whatsapp-share'>WhatsApp<\/a><div class='clear '><\/div><\/div>","protected":false},"excerpt":{"rendered":"<p>Este jueves la Feria del Carmen 2017 atrajo a m\u00e1s de 45 mil personas en el sexto d\u00eda de las fiestas tradicionales de la ciudad de Playa del Carmen que se realizan hasta el 18 de julio en el recinto ferial, ubicado en la 115 avenida con Constituyentes, en donde las personas disfrutaron con tranquilidad &hellip;<\/p>\n","protected":false},"author":1,"featured_media":26844,"comment_status":"open","ping_status":"open","sticky":false,"template":"","format":"standard","meta":{"_mi_skip_tracking":false},"categories":[48],"tags":[1360,7282],"_links":{"self":[{"href":"https:\/\/visionpeninsular.com\/mid\/wp-json\/wp\/v2\/posts\/26842"}],"collection":[{"href":"https:\/\/visionpeninsular.com\/mid\/wp-json\/wp\/v2\/posts"}],"about":[{"href":"https:\/\/visionpeninsular.com\/mid\/wp-json\/wp\/v2\/types\/post"}],"author":[{"embeddable":true,"href":"https:\/\/visionpeninsular.com\/mid\/wp-json\/wp\/v2\/users\/1"}],"replies":[{"embeddable":true,"href":"https:\/\/visionpeninsular.com\/mid\/wp-json\/wp\/v2\/comments?post=26842"}],"version-history":[{"count":1,"href":"https:\/\/visionpeninsular.com\/mid\/wp-json\/wp\/v2\/posts\/26842\/revisions"}],"predecessor-version":[{"id":26845,"href":"https:\/\/visionpeninsular.com\/mid\/wp-json\/wp\/v2\/posts\/26842\/revisions\/26845"}],"wp:featuredmedia":[{"embeddable":true,"href":"https:\/\/visionpeninsular.com\/mid\/wp-json\/wp\/v2\/media\/26844"}],"wp:attachment":[{"href":"https:\/\/visionpeninsular.com\/mid\/wp-json\/wp\/v2\/media?parent=26842"}],"wp:term":[{"taxonomy":"category","embeddable":true,"href":"https:\/\/visionpeninsular.com\/mid\/wp-json\/wp\/v2\/categories?post=26842"},{"taxonomy":"post_tag","embeddable":true,"href":"https:\/\/visionpeninsular.com\/mid\/wp-json\/wp\/v2\/tags?post=26842"}],"curies":[{"name":"wp","href":"https:\/\/api.w.org\/{rel}","templated":true}]}}