{"id":2653,"date":"2016-04-28T05:50:19","date_gmt":"2016-04-28T10:50:19","guid":{"rendered":"http:\/\/visionpeninsular.com\/mid\/?p=2653"},"modified":"2016-04-28T05:50:19","modified_gmt":"2016-04-28T10:50:19","slug":"acuerdan-nuevas-estrategias-para-abatir-las-cifras-de-suicidios-en-campeche","status":"publish","type":"post","link":"https:\/\/visionpeninsular.com\/mid\/acuerdan-nuevas-estrategias-para-abatir-las-cifras-de-suicidios-en-campeche\/","title":{"rendered":"Acuerdan nuevas estrategias para abatir las cifras de suicidios en Campeche"},"content":{"rendered":"<p>En Campeche se llevo a cabo el primer Foro Internacional \u201cLey de Salud Mental y Prevenci\u00f3n del Suicidio\u201d.<\/p>\n<p>Como resultado de ambas mesas de trabajo se logro identificar a los adolescentes como el grupo de mayor vulnerabilidad, debido a que en este sector la violencia se incrementa por factores como la desintegraci\u00f3n familiar; consumo de sustancias; abuso sexual e incluso por el uso de las redes sociales.<\/p>\n<p>Es por ello que se acord\u00f3 designar recursos para reforzar las acciones de prevenci\u00f3n del suicidios y de mejorar la atenci\u00f3n en salud mental con capacitaci\u00f3n para el diagn\u00f3stico y tratamiento de programas de salud p\u00fablica. <\/p>\n<p>Otro punto de acuerdo, fue generar m\u00e1s espacios comunitarios y acordar criterios entre las instituciones para que \u00e9stos coincidan en el manejo y abordaje integral de las necesidades y riesgos de la salud mental. <\/p>\n<p>Adem\u00e1s se resaltaron los acuerdos en el fortalecimiento y mayor coordinaci\u00f3n interinstitucional de las dependencias gubernamentales, no gubernamentales y asociaciones civiles.<\/p>\n<p>Por su parte, el secretario estatal de Salud, \u00c1lvaro Arceo Ortiz, destac\u00f3 que con el intercambio de experiencias profesionales mejorar\u00e1 el sistema de atenci\u00f3n de salud mental.<\/p>\n<p>Resalt\u00f3 que con los acuerdos se pretende abatir las cifras de suicidios en la entidad.<\/p>\n<p>Con la elaboraci\u00f3n de esta ley se atender\u00e1 la salud mental y otras vertientes como la violencia familiar, adicciones, lo que se reflejar\u00e1 en los pr\u00f3ximos a\u00f1os con la disminuci\u00f3n en las cifras de suicidios, detall\u00f3.<\/p>\n<div class='share-to-whatsapp-wrapper'><div class='share-on-whsp'>Share on: <\/div><a data-text='Acuerdan nuevas estrategias para abatir las cifras de suicidios en Campeche' data-link='https:\/\/visionpeninsular.com\/mid\/acuerdan-nuevas-estrategias-para-abatir-las-cifras-de-suicidios-en-campeche\/' class='whatsapp-button whatsapp-share'>WhatsApp<\/a><div class='clear '><\/div><\/div>","protected":false},"excerpt":{"rendered":"<p>En Campeche se llevo a cabo el primer Foro Internacional \u201cLey de Salud Mental y Prevenci\u00f3n del Suicidio\u201d. Como resultado de ambas mesas de trabajo se logro identificar a los adolescentes como el grupo de mayor vulnerabilidad, debido a que en este sector la violencia se incrementa por factores como la desintegraci\u00f3n familiar; consumo de &hellip;<\/p>\n","protected":false},"author":1,"featured_media":2654,"comment_status":"open","ping_status":"closed","sticky":false,"template":"","format":"standard","meta":{"_mi_skip_tracking":false},"categories":[45],"tags":[555],"_links":{"self":[{"href":"https:\/\/visionpeninsular.com\/mid\/wp-json\/wp\/v2\/posts\/2653"}],"collection":[{"href":"https:\/\/visionpeninsular.com\/mid\/wp-json\/wp\/v2\/posts"}],"about":[{"href":"https:\/\/visionpeninsular.com\/mid\/wp-json\/wp\/v2\/types\/post"}],"author":[{"embeddable":true,"href":"https:\/\/visionpeninsular.com\/mid\/wp-json\/wp\/v2\/users\/1"}],"replies":[{"embeddable":true,"href":"https:\/\/visionpeninsular.com\/mid\/wp-json\/wp\/v2\/comments?post=2653"}],"version-history":[{"count":1,"href":"https:\/\/visionpeninsular.com\/mid\/wp-json\/wp\/v2\/posts\/2653\/revisions"}],"predecessor-version":[{"id":2655,"href":"https:\/\/visionpeninsular.com\/mid\/wp-json\/wp\/v2\/posts\/2653\/revisions\/2655"}],"wp:featuredmedia":[{"embeddable":true,"href":"https:\/\/visionpeninsular.com\/mid\/wp-json\/wp\/v2\/media\/2654"}],"wp:attachment":[{"href":"https:\/\/visionpeninsular.com\/mid\/wp-json\/wp\/v2\/media?parent=2653"}],"wp:term":[{"taxonomy":"category","embeddable":true,"href":"https:\/\/visionpeninsular.com\/mid\/wp-json\/wp\/v2\/categories?post=2653"},{"taxonomy":"post_tag","embeddable":true,"href":"https:\/\/visionpeninsular.com\/mid\/wp-json\/wp\/v2\/tags?post=2653"}],"curies":[{"name":"wp","href":"https:\/\/api.w.org\/{rel}","templated":true}]}}