{"id":25994,"date":"2017-06-23T06:49:26","date_gmt":"2017-06-23T11:49:26","guid":{"rendered":"http:\/\/visionpeninsular.com\/mid\/?p=25994"},"modified":"2017-06-23T06:49:26","modified_gmt":"2017-06-23T11:49:26","slug":"falta-apoyo-del-ayuntamiento-del-carmen-pone-en-riesgo-la-feria-ganadera","status":"publish","type":"post","link":"https:\/\/visionpeninsular.com\/mid\/falta-apoyo-del-ayuntamiento-del-carmen-pone-en-riesgo-la-feria-ganadera\/","title":{"rendered":"Falta de apoyo del Ayuntamiento del Carmen pone en riesgo la Feria Ganadera"},"content":{"rendered":"<p>Los ganaderos est\u00e1n en la incertidumbre sobre su participaci\u00f3n en la pr\u00f3xima feria del mes de julio, ya que a pocos d\u00edas el Ayuntamiento que encabeza Pablo Guti\u00e9rrez Lazarus no les ha definido el apoyo que recibir\u00e1n para realizar la tradicional Feria Ganadera 2017, adem\u00e1s que la sequ\u00eda los dejo mermados econ\u00f3micamente y con una baja en el n\u00famero de reses, asegur\u00f3 Carlos Eduardo Garc\u00eda Vior, secretario de la Asociaci\u00f3n Ganadera de Carmen.<\/p>\n<p>Aunado a esto se suman las malas condiciones en las que se encuentra la zona de exposici\u00f3n de ganado que se ubican a un costado del Zool\u00f3gico de Carmen, que se encuentra enmontado propiciando la proliferaci\u00f3n de mosquito, tuber\u00edas oxidadas, mayas perimetrales rotas, falto de pintura e instalaciones sanitarias descompuestas, ya que la Comuna no les ha dado el mantenimiento adecuado.<\/p>\n<p>Garc\u00eda Vior asegur\u00f3 que las autoridades municipales cambian constantemente la cita de la reuni\u00f3n que no se ha concretado hasta ahora para que se discuta el apoyo que le dar\u00e1 la administraci\u00f3n panista a la Asociaci\u00f3n Ganadera.<\/p>\n<p>Mientras tanto, no se define si este a\u00f1o tendr\u00e1n una Reina de la Asociaci\u00f3n, ya que los 120 ganaderos que conforman la agrupaci\u00f3n se encuentran seriamente afectados en su econom\u00eda, a consecuencia de los meses de sequ\u00eda y la falta de alimento que mermaron a la poblaci\u00f3n de ganado, pues de enero a mayo se perdieron 120 cabezas de ganado por inanici\u00f3n y deshidrataci\u00f3n.<\/p>\n<p>Destac\u00f3 que el ganado que a\u00fan les queda esta flaco por la poca alimentaci\u00f3n, lo que no permitir\u00eda a los ganaderos realizar una exposici\u00f3n de calidad, pues la mayor\u00eda de los compradores que llegan de otros estados buscando buenos ejemplares y los descartar\u00edan inmediatamente.<\/p>\n<p>Asegur\u00f3 que la cabalgata anual se realizar\u00e1 el pr\u00f3ximo s\u00e1bado 15 de julio, con rumbo al Santuario Mariano Diocesano de Nuestra Se\u00f1ora del Carmen, donde los ganaderos presentar\u00e1n sus respetos a la Virgen del Carmen con la respectiva misa.<\/p>\n<p>Detall\u00f3 que este a\u00f1o como en los anteriores, la embajadora de los ganaderos ser\u00e1 Sonia Bravo, cantante nacional que engalanar\u00e1 la cabalgata, la cual a\u00fan est\u00e1 por definirse si ser\u00e1 transmitida a nivel nacional como en otros a\u00f1os.<\/p>\n<div class='share-to-whatsapp-wrapper'><div class='share-on-whsp'>Share on: <\/div><a data-text='Falta de apoyo del Ayuntamiento del Carmen pone en riesgo la Feria Ganadera' data-link='https:\/\/visionpeninsular.com\/mid\/falta-apoyo-del-ayuntamiento-del-carmen-pone-en-riesgo-la-feria-ganadera\/' class='whatsapp-button whatsapp-share'>WhatsApp<\/a><div class='clear '><\/div><\/div>","protected":false},"excerpt":{"rendered":"<p>Los ganaderos est\u00e1n en la incertidumbre sobre su participaci\u00f3n en la pr\u00f3xima feria del mes de julio, ya que a pocos d\u00edas el Ayuntamiento que encabeza Pablo Guti\u00e9rrez Lazarus no les ha definido el apoyo que recibir\u00e1n para realizar la tradicional Feria Ganadera 2017, adem\u00e1s que la sequ\u00eda los dejo mermados econ\u00f3micamente y con una &hellip;<\/p>\n","protected":false},"author":1,"featured_media":25995,"comment_status":"open","ping_status":"open","sticky":false,"template":"","format":"standard","meta":{"_mi_skip_tracking":false},"categories":[46],"tags":[482,3410,6982,1504],"_links":{"self":[{"href":"https:\/\/visionpeninsular.com\/mid\/wp-json\/wp\/v2\/posts\/25994"}],"collection":[{"href":"https:\/\/visionpeninsular.com\/mid\/wp-json\/wp\/v2\/posts"}],"about":[{"href":"https:\/\/visionpeninsular.com\/mid\/wp-json\/wp\/v2\/types\/post"}],"author":[{"embeddable":true,"href":"https:\/\/visionpeninsular.com\/mid\/wp-json\/wp\/v2\/users\/1"}],"replies":[{"embeddable":true,"href":"https:\/\/visionpeninsular.com\/mid\/wp-json\/wp\/v2\/comments?post=25994"}],"version-history":[{"count":1,"href":"https:\/\/visionpeninsular.com\/mid\/wp-json\/wp\/v2\/posts\/25994\/revisions"}],"predecessor-version":[{"id":25996,"href":"https:\/\/visionpeninsular.com\/mid\/wp-json\/wp\/v2\/posts\/25994\/revisions\/25996"}],"wp:featuredmedia":[{"embeddable":true,"href":"https:\/\/visionpeninsular.com\/mid\/wp-json\/wp\/v2\/media\/25995"}],"wp:attachment":[{"href":"https:\/\/visionpeninsular.com\/mid\/wp-json\/wp\/v2\/media?parent=25994"}],"wp:term":[{"taxonomy":"category","embeddable":true,"href":"https:\/\/visionpeninsular.com\/mid\/wp-json\/wp\/v2\/categories?post=25994"},{"taxonomy":"post_tag","embeddable":true,"href":"https:\/\/visionpeninsular.com\/mid\/wp-json\/wp\/v2\/tags?post=25994"}],"curies":[{"name":"wp","href":"https:\/\/api.w.org\/{rel}","templated":true}]}}