{"id":25714,"date":"2017-06-16T06:59:18","date_gmt":"2017-06-16T11:59:18","guid":{"rendered":"http:\/\/visionpeninsular.com\/mid\/?p=25714"},"modified":"2017-06-16T06:59:18","modified_gmt":"2017-06-16T11:59:18","slug":"registran-balacera-en-pleno-centro-cancun","status":"publish","type":"post","link":"https:\/\/visionpeninsular.com\/mid\/registran-balacera-en-pleno-centro-cancun\/","title":{"rendered":"Registran balacera en pleno centro de Canc\u00fan"},"content":{"rendered":"<p>En cumplimiento de las acciones para preservar la paz social, elementos de la Polic\u00eda Ministerial repelieron un ataque que con armas de fuego realizaron presuntos integrantes de grupos delictivos en la ciudad de Canc\u00fan, donde ya ha retornada la tranquilidad.<\/p>\n<p>Por igual, el Vocero Estatal en Materia de Seguridad, G\u00e9ner Corona, confirm\u00f3 que la persona que perdi\u00f3 la vida durante este incidente fue el ocupante de una camioneta desde la cual fueron atacados los elementos de la Fiscal\u00eda General del Estado (FGE).<\/p>\n<p>A pesar de que que circularon versiones en el sentido que un polic\u00eda ministerial result\u00f3 abatido, la realidad es que el occiso fue uno de los atacantes a los elementos de la Polic\u00eda Ministerial, dijo.<\/p>\n<p>Por igual, fueron detenidas otras cuatro personas, entre ellas dos con lesiones por arma de fuego, que tambi\u00e9n presuntamente pertenecen a grupos delictivos.<\/p>\n<p>A pesar de que el incidente se focaliz\u00f3 en una zona concurrida, la adecuada actuaci\u00f3n de los Polic\u00edas Ministeriales evit\u00f3 que alguna persona ajena a los hechos resultara lesionada y en estos momentos existe calma en la ciudad de Canc\u00fan.<\/p>\n<p>Se reconoce la labor de las Fuerzas Armadas y corporaciones como las polic\u00edas Federal, Estatal y Municipal Preventiva que han contribuido en las tareas de combate a la delincuencia.<\/p>\n<p>El Gobierno del Estado reitera su voluntad de actuar de manera permanente para mantener la paz social y la seguridad de los quintanarroenses.<\/p>\n<div class='share-to-whatsapp-wrapper'><div class='share-on-whsp'>Share on: <\/div><a data-text='Registran balacera en pleno centro de Canc\u00fan' data-link='https:\/\/visionpeninsular.com\/mid\/registran-balacera-en-pleno-centro-cancun\/' class='whatsapp-button whatsapp-share'>WhatsApp<\/a><div class='clear '><\/div><\/div>","protected":false},"excerpt":{"rendered":"<p>En cumplimiento de las acciones para preservar la paz social, elementos de la Polic\u00eda Ministerial repelieron un ataque que con armas de fuego realizaron presuntos integrantes de grupos delictivos en la ciudad de Canc\u00fan, donde ya ha retornada la tranquilidad. Por igual, el Vocero Estatal en Materia de Seguridad, G\u00e9ner Corona, confirm\u00f3 que la persona &hellip;<\/p>\n","protected":false},"author":1,"featured_media":25715,"comment_status":"open","ping_status":"open","sticky":false,"template":"","format":"standard","meta":{"_mi_skip_tracking":false},"categories":[48],"tags":[4969],"_links":{"self":[{"href":"https:\/\/visionpeninsular.com\/mid\/wp-json\/wp\/v2\/posts\/25714"}],"collection":[{"href":"https:\/\/visionpeninsular.com\/mid\/wp-json\/wp\/v2\/posts"}],"about":[{"href":"https:\/\/visionpeninsular.com\/mid\/wp-json\/wp\/v2\/types\/post"}],"author":[{"embeddable":true,"href":"https:\/\/visionpeninsular.com\/mid\/wp-json\/wp\/v2\/users\/1"}],"replies":[{"embeddable":true,"href":"https:\/\/visionpeninsular.com\/mid\/wp-json\/wp\/v2\/comments?post=25714"}],"version-history":[{"count":1,"href":"https:\/\/visionpeninsular.com\/mid\/wp-json\/wp\/v2\/posts\/25714\/revisions"}],"predecessor-version":[{"id":25716,"href":"https:\/\/visionpeninsular.com\/mid\/wp-json\/wp\/v2\/posts\/25714\/revisions\/25716"}],"wp:featuredmedia":[{"embeddable":true,"href":"https:\/\/visionpeninsular.com\/mid\/wp-json\/wp\/v2\/media\/25715"}],"wp:attachment":[{"href":"https:\/\/visionpeninsular.com\/mid\/wp-json\/wp\/v2\/media?parent=25714"}],"wp:term":[{"taxonomy":"category","embeddable":true,"href":"https:\/\/visionpeninsular.com\/mid\/wp-json\/wp\/v2\/categories?post=25714"},{"taxonomy":"post_tag","embeddable":true,"href":"https:\/\/visionpeninsular.com\/mid\/wp-json\/wp\/v2\/tags?post=25714"}],"curies":[{"name":"wp","href":"https:\/\/api.w.org\/{rel}","templated":true}]}}