{"id":25569,"date":"2017-06-13T06:38:12","date_gmt":"2017-06-13T11:38:12","guid":{"rendered":"http:\/\/visionpeninsular.com\/mid\/?p=25569"},"modified":"2017-06-13T06:38:12","modified_gmt":"2017-06-13T11:38:12","slug":"ofensiva-los-hoteleros-cancun-en-favor-uber","status":"publish","type":"post","link":"https:\/\/visionpeninsular.com\/mid\/ofensiva-los-hoteleros-cancun-en-favor-uber\/","title":{"rendered":"Ofensiva de los hoteleros de Canc\u00fan en favor de Uber"},"content":{"rendered":"<p>El presidente de la Asociaci\u00f3n de Hoteles de Canc\u00fan y Puerto Morelos, Carlos Gosselin Maurel, en relaci\u00f3n con el tema de la plataforma de servicio Uber y los conflictos con los taxistas, insisti\u00f3 en la importancia y urgencia de regularizar esta forma de transporte, porque cada persona, sobre todo cuando se habla de un destino tur\u00edstico tan importante, debe tener la libertad de decidir su medio de traslado.<\/p>\n<p>Sin embargo, expres\u00f3 que lamentablemente contin\u00faa el acoso e incluso violencia no s\u00f3lo de taxistas contra quienes operan en esta empresa, sino por parte de la propia Secretaria de Infraestructura y Transporte (Sintra), seg\u00fan Infoqroo.<\/p>\n<p>\u201cEl turismo requiere taxistas de primera, creo que ese sistema hay que cuidarlo mucho, lo que no puede ser es que se limite que solo los taxistas puedan mover, se debe respetar el tipo de transporte que se quiera usar\u201d, consider\u00f3. Las agresiones de Sintra, a\u00f1adi\u00f3, lo \u00fanico que hacen es atentar contra el turismo o los ciudadanos, denigrando al destino y da\u00f1ando totalmente la imagen.<\/p>\n<p>Reconoci\u00f3 tambi\u00e9n que aunque los propios taxistas ya exhortaron a los centros de hospedaje a que no utilicen Uber hasta que no est\u00e9 regulado, el visitante est\u00e1 en la plena libertad de elegir el esquema de servicio que mejor le convenga.<\/p>\n<p>Uber continuar\u00e1 con sus planes de operaci\u00f3n en Canc\u00fan donde pretende alcanzar los 10 mil socios, asever\u00f3 Federico Ranero, director general de Uber en M\u00e9xico y el Caribe Mexicano, revel\u00f3 Infoqroo. En el marco de una visita que hizo a la ciudad, mencion\u00f3 que Canc\u00fan es el \u00fanico lugar donde enfrentan problemas de violencia, que en 8 meses de operar ya recibieron multas por 115 millones de pesos.<\/p>\n<div class='share-to-whatsapp-wrapper'><div class='share-on-whsp'>Share on: <\/div><a data-text='Ofensiva de los hoteleros de Canc\u00fan en favor de Uber' data-link='https:\/\/visionpeninsular.com\/mid\/ofensiva-los-hoteleros-cancun-en-favor-uber\/' class='whatsapp-button whatsapp-share'>WhatsApp<\/a><div class='clear '><\/div><\/div>","protected":false},"excerpt":{"rendered":"<p>El presidente de la Asociaci\u00f3n de Hoteles de Canc\u00fan y Puerto Morelos, Carlos Gosselin Maurel, en relaci\u00f3n con el tema de la plataforma de servicio Uber y los conflictos con los taxistas, insisti\u00f3 en la importancia y urgencia de regularizar esta forma de transporte, porque cada persona, sobre todo cuando se habla de un destino &hellip;<\/p>\n","protected":false},"author":1,"featured_media":25570,"comment_status":"open","ping_status":"open","sticky":false,"template":"","format":"standard","meta":{"_mi_skip_tracking":false},"categories":[48],"tags":[207],"_links":{"self":[{"href":"https:\/\/visionpeninsular.com\/mid\/wp-json\/wp\/v2\/posts\/25569"}],"collection":[{"href":"https:\/\/visionpeninsular.com\/mid\/wp-json\/wp\/v2\/posts"}],"about":[{"href":"https:\/\/visionpeninsular.com\/mid\/wp-json\/wp\/v2\/types\/post"}],"author":[{"embeddable":true,"href":"https:\/\/visionpeninsular.com\/mid\/wp-json\/wp\/v2\/users\/1"}],"replies":[{"embeddable":true,"href":"https:\/\/visionpeninsular.com\/mid\/wp-json\/wp\/v2\/comments?post=25569"}],"version-history":[{"count":1,"href":"https:\/\/visionpeninsular.com\/mid\/wp-json\/wp\/v2\/posts\/25569\/revisions"}],"predecessor-version":[{"id":25571,"href":"https:\/\/visionpeninsular.com\/mid\/wp-json\/wp\/v2\/posts\/25569\/revisions\/25571"}],"wp:featuredmedia":[{"embeddable":true,"href":"https:\/\/visionpeninsular.com\/mid\/wp-json\/wp\/v2\/media\/25570"}],"wp:attachment":[{"href":"https:\/\/visionpeninsular.com\/mid\/wp-json\/wp\/v2\/media?parent=25569"}],"wp:term":[{"taxonomy":"category","embeddable":true,"href":"https:\/\/visionpeninsular.com\/mid\/wp-json\/wp\/v2\/categories?post=25569"},{"taxonomy":"post_tag","embeddable":true,"href":"https:\/\/visionpeninsular.com\/mid\/wp-json\/wp\/v2\/tags?post=25569"}],"curies":[{"name":"wp","href":"https:\/\/api.w.org\/{rel}","templated":true}]}}