{"id":25519,"date":"2017-06-12T06:28:27","date_gmt":"2017-06-12T11:28:27","guid":{"rendered":"http:\/\/visionpeninsular.com\/mid\/?p=25519"},"modified":"2017-06-12T06:29:20","modified_gmt":"2017-06-12T11:29:20","slug":"se-atribuye-grupo-delictivo-ejecucion-hector-casique","status":"publish","type":"post","link":"https:\/\/visionpeninsular.com\/mid\/se-atribuye-grupo-delictivo-ejecucion-hector-casique\/","title":{"rendered":"Se atribuye grupo delictivo la ejecuci\u00f3n de H\u00e9ctor Casique"},"content":{"rendered":"<p>Una presunta narcomanta apareci\u00f3 este domingo en la Gran Plaza de Canc\u00fan en la que un grupo delictivo se atribuye la <strong>ejecuci\u00f3n de H\u00e9ctor Casique y un acompa\u00f1ante la tarde del pasado jueves<\/strong> en la marisquer\u00eda \u2018Las Koras\u2019 de Alfredo V. Bonfil, adem\u00e1s de lanzar amenazas contra la Fiscal\u00eda General del Estado.<\/p>\n<blockquote>\n<p class=\"p1\">\u201cSi no sueltan a mi gente se los va a llevar la verga fiscal\u00eda, sabe q no amenazo a lo pendejo les quite a la peor basura del estado, son unos pendejos le dan disculpa publicas a esta porqueriza el diablo hector cacique, son mas pendejos ustedes les voy a romper la madre y lo hicimos una vez.esta que viene no dejaremos ninguno vivo, o los sueltan o se los va a llevar su Puta madre. Atte: rafael dover, leticia lara y CJNGla guerra ya inici\u00f3 y p\u00f3nganse verga todos\u201d (sic), dice el mensaje impreso en una lona blanca.<\/p>\n<\/blockquote>\n<p class=\"p1\">H\u00e9ctor Casique y un acompa\u00f1ante de nombre Oscar, fueron acribillados de al menos 61 disparos, sin que los responsables hayan sido capturados. Ese d\u00eda fueron detenidos seis personas, pero seg\u00fan inform\u00f3 la Fiscal\u00eda, no ten\u00edan relaci\u00f3n con la ejecuci\u00f3n, aunque s\u00ed con un caso de secuestro.<\/p>\n<p class=\"p1\">El ataque a H\u00e9ctor Casique ocurre en el contexto de una disputa por la plaza de Canc\u00fan entre grupos del narcotr\u00e1fico, en donde destaca la participaci\u00f3n del C\u00e1rtel Jalisco Nueva Generaci\u00f3n.<\/p>\n<div class='share-to-whatsapp-wrapper'><div class='share-on-whsp'>Share on: <\/div><a data-text='Se atribuye grupo delictivo la ejecuci\u00f3n de H\u00e9ctor Casique' data-link='https:\/\/visionpeninsular.com\/mid\/se-atribuye-grupo-delictivo-ejecucion-hector-casique\/' class='whatsapp-button whatsapp-share'>WhatsApp<\/a><div class='clear '><\/div><\/div>","protected":false},"excerpt":{"rendered":"<p>Una presunta narcomanta apareci\u00f3 este domingo en la Gran Plaza de Canc\u00fan en la que un grupo delictivo se atribuye la ejecuci\u00f3n de H\u00e9ctor Casique y un acompa\u00f1ante la tarde del pasado jueves en la marisquer\u00eda \u2018Las Koras\u2019 de Alfredo V. Bonfil, adem\u00e1s de lanzar amenazas contra la Fiscal\u00eda General del Estado. \u201cSi no sueltan &hellip;<\/p>\n","protected":false},"author":1,"featured_media":25520,"comment_status":"open","ping_status":"open","sticky":false,"template":"","format":"standard","meta":{"_mi_skip_tracking":false},"categories":[48],"tags":[6819],"_links":{"self":[{"href":"https:\/\/visionpeninsular.com\/mid\/wp-json\/wp\/v2\/posts\/25519"}],"collection":[{"href":"https:\/\/visionpeninsular.com\/mid\/wp-json\/wp\/v2\/posts"}],"about":[{"href":"https:\/\/visionpeninsular.com\/mid\/wp-json\/wp\/v2\/types\/post"}],"author":[{"embeddable":true,"href":"https:\/\/visionpeninsular.com\/mid\/wp-json\/wp\/v2\/users\/1"}],"replies":[{"embeddable":true,"href":"https:\/\/visionpeninsular.com\/mid\/wp-json\/wp\/v2\/comments?post=25519"}],"version-history":[{"count":2,"href":"https:\/\/visionpeninsular.com\/mid\/wp-json\/wp\/v2\/posts\/25519\/revisions"}],"predecessor-version":[{"id":25523,"href":"https:\/\/visionpeninsular.com\/mid\/wp-json\/wp\/v2\/posts\/25519\/revisions\/25523"}],"wp:featuredmedia":[{"embeddable":true,"href":"https:\/\/visionpeninsular.com\/mid\/wp-json\/wp\/v2\/media\/25520"}],"wp:attachment":[{"href":"https:\/\/visionpeninsular.com\/mid\/wp-json\/wp\/v2\/media?parent=25519"}],"wp:term":[{"taxonomy":"category","embeddable":true,"href":"https:\/\/visionpeninsular.com\/mid\/wp-json\/wp\/v2\/categories?post=25519"},{"taxonomy":"post_tag","embeddable":true,"href":"https:\/\/visionpeninsular.com\/mid\/wp-json\/wp\/v2\/tags?post=25519"}],"curies":[{"name":"wp","href":"https:\/\/api.w.org\/{rel}","templated":true}]}}