{"id":25123,"date":"2017-05-31T08:23:30","date_gmt":"2017-05-31T13:23:30","guid":{"rendered":"http:\/\/visionpeninsular.com\/mid\/?p=25123"},"modified":"2017-05-31T08:23:30","modified_gmt":"2017-05-31T13:23:30","slug":"desalojaran-a-usuarios-la-caleta-en-cozumel","status":"publish","type":"post","link":"https:\/\/visionpeninsular.com\/mid\/desalojaran-a-usuarios-la-caleta-en-cozumel\/","title":{"rendered":"Desalojar\u00e1n a usuarios de la caleta en Cozumel"},"content":{"rendered":"<p>A pesar de los amparos que han promovido usuarios y propietarios de embarcaciones que se encuentran en el resguardo\u00a0 mar\u00edtimo en la isla, la Administraci\u00f3n Portuaria Integral de Quintana Roo les notific\u00f3 por \u00faltima vez\u00a0 que deber\u00e1n acatar el proceso de regularizaci\u00f3n y reubicaci\u00f3n a la marina Fonatur.<\/p>\n<p>Debido a que el espejo de agua de la caleta\u00a0 fue concesionada en la administraci\u00f3n pasada al hotel Presidente Intercontinental por 25 a\u00f1os, situaci\u00f3n que en su momento se les inform\u00f3 y no hicieron caso, debido a que un grupo de \u201csupuestos\u201d posesionarios, encabezados por Fern\u00e1n Salazar, se niegan a mudarse a la marina Fonatur, desacatando las recomendaciones.<\/p>\n<p>Son m\u00e1s de 90 embarcaciones que siguen\u00a0 operando y utilizando la caleta y los propietarios se niegan abandonar el resguardo mar\u00edtimo e insisten que defender\u00e1n el patrimonio de los pescadores.<\/p>\n<p>Para esto, manifestaron que le entregaron un escrito al gobernador, para que intervenga en el desalojo de las embarcaciones, porque se\u00f1alan que se perder\u00e1n trabajos.<\/p>\n<p>Sin embargo, a pesar de que Carlos Joaqu\u00edn Gonz\u00e1lez les coment\u00f3 que no se puede dejar a Cozumel sin ninguna marina, la Administraci\u00f3n\u00a0 Portuaria Integral les hizo llegar el oficio donde a la brevedad posible pasen a regularizarse a las oficinas, porque de lo contrario ser\u00e1n desalojadas por la Secretar\u00eda de Marina.<\/p>\n<div class='share-to-whatsapp-wrapper'><div class='share-on-whsp'>Share on: <\/div><a data-text='Desalojar\u00e1n a usuarios de la caleta en Cozumel' data-link='https:\/\/visionpeninsular.com\/mid\/desalojaran-a-usuarios-la-caleta-en-cozumel\/' class='whatsapp-button whatsapp-share'>WhatsApp<\/a><div class='clear '><\/div><\/div>","protected":false},"excerpt":{"rendered":"<p>A pesar de los amparos que han promovido usuarios y propietarios de embarcaciones que se encuentran en el resguardo\u00a0 mar\u00edtimo en la isla, la Administraci\u00f3n Portuaria Integral de Quintana Roo les notific\u00f3 por \u00faltima vez\u00a0 que deber\u00e1n acatar el proceso de regularizaci\u00f3n y reubicaci\u00f3n a la marina Fonatur. Debido a que el espejo de agua &hellip;<\/p>\n","protected":false},"author":1,"featured_media":25124,"comment_status":"open","ping_status":"open","sticky":false,"template":"","format":"standard","meta":{"_mi_skip_tracking":false},"categories":[48],"tags":[52],"_links":{"self":[{"href":"https:\/\/visionpeninsular.com\/mid\/wp-json\/wp\/v2\/posts\/25123"}],"collection":[{"href":"https:\/\/visionpeninsular.com\/mid\/wp-json\/wp\/v2\/posts"}],"about":[{"href":"https:\/\/visionpeninsular.com\/mid\/wp-json\/wp\/v2\/types\/post"}],"author":[{"embeddable":true,"href":"https:\/\/visionpeninsular.com\/mid\/wp-json\/wp\/v2\/users\/1"}],"replies":[{"embeddable":true,"href":"https:\/\/visionpeninsular.com\/mid\/wp-json\/wp\/v2\/comments?post=25123"}],"version-history":[{"count":1,"href":"https:\/\/visionpeninsular.com\/mid\/wp-json\/wp\/v2\/posts\/25123\/revisions"}],"predecessor-version":[{"id":25125,"href":"https:\/\/visionpeninsular.com\/mid\/wp-json\/wp\/v2\/posts\/25123\/revisions\/25125"}],"wp:featuredmedia":[{"embeddable":true,"href":"https:\/\/visionpeninsular.com\/mid\/wp-json\/wp\/v2\/media\/25124"}],"wp:attachment":[{"href":"https:\/\/visionpeninsular.com\/mid\/wp-json\/wp\/v2\/media?parent=25123"}],"wp:term":[{"taxonomy":"category","embeddable":true,"href":"https:\/\/visionpeninsular.com\/mid\/wp-json\/wp\/v2\/categories?post=25123"},{"taxonomy":"post_tag","embeddable":true,"href":"https:\/\/visionpeninsular.com\/mid\/wp-json\/wp\/v2\/tags?post=25123"}],"curies":[{"name":"wp","href":"https:\/\/api.w.org\/{rel}","templated":true}]}}