{"id":25010,"date":"2017-05-29T05:49:00","date_gmt":"2017-05-29T10:49:00","guid":{"rendered":"http:\/\/visionpeninsular.com\/mid\/?p=25010"},"modified":"2017-05-29T05:49:00","modified_gmt":"2017-05-29T10:49:00","slug":"lordnaziruso-quedo-hemiplejico-vida","status":"publish","type":"post","link":"https:\/\/visionpeninsular.com\/mid\/lordnaziruso-quedo-hemiplejico-vida\/","title":{"rendered":"#LordNaziRuso qued\u00f3 hemipl\u00e9jico de por vida"},"content":{"rendered":"<p>Aleksei Viktorovich Makeev, el ciudadano ruso que fue linchado el viernes pasado por lanzar insultos racistas contra mexicanos contin\u00faa bajo atenci\u00f3n m\u00e9dica en el hospital General de Canc\u00fan.<\/p>\n<p>\u201cSe ha mostrado cooperador a la atenci\u00f3n, no se ha presentado ning\u00fan roce con el personal del hospital, enfermeras, m\u00e9dicos, he estado con el paciente, habla en espa\u00f1ol\u201d, dijo Ignacio Berm\u00fadez, director del hospital.<\/p>\n<p>Makeev presenta una lesi\u00f3n que lo dejar\u00e1 con inmovilidad permanente en la mayor parte del lado izquierdo del cuerpo.<\/p>\n<p>\u201cEs un traumatismo craneal del lado derecho que le ocasion\u00f3 una hemorragia, quiz\u00e1s no llegue a recuperarse totalmente, quiz\u00e1 alcance un 40, 50, 60 por ciento de movilidad en el lado izquierdo del cuerpo\u201d, indic\u00f3 el director del hospital.<\/p>\n<p>Aleksei lleg\u00f3 al hospital con lesiones en la mayor parte del cuerpo y fue atendido de emergencia por un grupo de especialistas.<\/p>\n<p>El grupo de neurocirujanos que lo valor\u00f3 determin\u00f3 que no era necesaria una operaci\u00f3n y que el tratamiento para las lesiones que le ocasionaron la inmovilidad deb\u00edan tratarse con rehabilitaci\u00f3n.<\/p>\n<p>\u201cEl neurocirujano considera que van a pasar meses para que, con ayuda de la rehabilitaci\u00f3n, se identifique el nivel de mejora\u201d, agreg\u00f3 el director.<\/p>\n<p>Jes\u00fas es parte del equipo m\u00e9dico que atiende a Aleksei y se\u00f1al\u00f3 que se le suministran analg\u00e9sicos, antibi\u00f3ticos y que ya recibe terapia.<\/p>\n<p>\u201cLos encargados de rehabilitaci\u00f3n f\u00edsica le dan la terapia en su propia cama con ejercicios especializados como una rutina\u201d, detall\u00f3 Jes\u00fas Ruvalcaba, m\u00e9dico residente de cirug\u00eda general.<\/p>\n<p>Aleksei est\u00e1 acusado de la muerte de un joven de 20 a\u00f1os de edad, a quien hiri\u00f3 cuando pretend\u00eda escapar de un linchamiento, por eso est\u00e1 custodiado por ocho elementos de la Polic\u00eda Municipal.<\/p>\n<p>El Gobierno de Rusia est\u00e1 pendiente de la evoluci\u00f3n de Aleksei.<\/p>\n<p>\u201cLa petici\u00f3n fue que les permiti\u00e9ramos estar en el hospital, que le dieran la asistencia legal a la que est\u00e1n obligados\u201d, dijo Francisco L\u00f3pez Mena, secretario general de Gobierno de Quintana Roo.<\/p>\n<div class='share-to-whatsapp-wrapper'><div class='share-on-whsp'>Share on: <\/div><a data-text='#LordNaziRuso qued\u00f3 hemipl\u00e9jico de por vida' data-link='https:\/\/visionpeninsular.com\/mid\/lordnaziruso-quedo-hemiplejico-vida\/' class='whatsapp-button whatsapp-share'>WhatsApp<\/a><div class='clear '><\/div><\/div>","protected":false},"excerpt":{"rendered":"<p>Aleksei Viktorovich Makeev, el ciudadano ruso que fue linchado el viernes pasado por lanzar insultos racistas contra mexicanos contin\u00faa bajo atenci\u00f3n m\u00e9dica en el hospital General de Canc\u00fan. \u201cSe ha mostrado cooperador a la atenci\u00f3n, no se ha presentado ning\u00fan roce con el personal del hospital, enfermeras, m\u00e9dicos, he estado con el paciente, habla en &hellip;<\/p>\n","protected":false},"author":1,"featured_media":25011,"comment_status":"open","ping_status":"open","sticky":false,"template":"","format":"standard","meta":{"_mi_skip_tracking":false},"categories":[48],"tags":[6551],"_links":{"self":[{"href":"https:\/\/visionpeninsular.com\/mid\/wp-json\/wp\/v2\/posts\/25010"}],"collection":[{"href":"https:\/\/visionpeninsular.com\/mid\/wp-json\/wp\/v2\/posts"}],"about":[{"href":"https:\/\/visionpeninsular.com\/mid\/wp-json\/wp\/v2\/types\/post"}],"author":[{"embeddable":true,"href":"https:\/\/visionpeninsular.com\/mid\/wp-json\/wp\/v2\/users\/1"}],"replies":[{"embeddable":true,"href":"https:\/\/visionpeninsular.com\/mid\/wp-json\/wp\/v2\/comments?post=25010"}],"version-history":[{"count":1,"href":"https:\/\/visionpeninsular.com\/mid\/wp-json\/wp\/v2\/posts\/25010\/revisions"}],"predecessor-version":[{"id":25012,"href":"https:\/\/visionpeninsular.com\/mid\/wp-json\/wp\/v2\/posts\/25010\/revisions\/25012"}],"wp:featuredmedia":[{"embeddable":true,"href":"https:\/\/visionpeninsular.com\/mid\/wp-json\/wp\/v2\/media\/25011"}],"wp:attachment":[{"href":"https:\/\/visionpeninsular.com\/mid\/wp-json\/wp\/v2\/media?parent=25010"}],"wp:term":[{"taxonomy":"category","embeddable":true,"href":"https:\/\/visionpeninsular.com\/mid\/wp-json\/wp\/v2\/categories?post=25010"},{"taxonomy":"post_tag","embeddable":true,"href":"https:\/\/visionpeninsular.com\/mid\/wp-json\/wp\/v2\/tags?post=25010"}],"curies":[{"name":"wp","href":"https:\/\/api.w.org\/{rel}","templated":true}]}}