{"id":24867,"date":"2017-05-25T06:54:35","date_gmt":"2017-05-25T11:54:35","guid":{"rendered":"http:\/\/visionpeninsular.com\/mid\/?p=24867"},"modified":"2017-05-25T06:54:35","modified_gmt":"2017-05-25T11:54:35","slug":"incita-agente-ministerial-a-violencia","status":"publish","type":"post","link":"https:\/\/visionpeninsular.com\/mid\/incita-agente-ministerial-a-violencia\/","title":{"rendered":"Incita agente ministerial a m\u00e1s violencia"},"content":{"rendered":"<p><strong>L<\/strong>a Fiscal\u00eda General del Esta\u00addo, a trav\u00e9s de un presunto integrante, tambi\u00e9n habr\u00eda incurrido en la vejaci\u00f3n de Aleksei Makeev, apodado el #LordNaziRuso, y en la incitaci\u00f3n a la violencia en su contra, cuando se supon\u00eda que deb\u00edan custodiarlo por estar amenazado de muerte, mien\u00adtras convalece en el Hospital General de esta ciudad, debido a la fuerte gol\u00adpiza que recibi\u00f3 el viernes pasados, a manos de ciudadanos.<\/p>\n<p>Ello porque un presunto agente ministerial abus\u00f3 de su autoridad y el acceso que \u00e9sta le brinda para tomarse una \u201cselfie\u201d junto al ya tris\u00adtemente c\u00e9lebre personaje, la cual subi\u00f3 a sus redes sociales para de\u00adnostarlo y mofarse del \u00e9l, e incluso preguntar si ya aprendi\u00f3 o nueva\u00admente debiera ser \u201ccalentado\u201d.<\/p>\n<p>Este nuevo hecho deja de ma\u00adnifiesto que contin\u00faa el sentir be\u00adligerante y vengativo de muchos ciudadanos contra este sujeto, per\u00adturbado de sus facultades menta\u00adles, quien a trav\u00e9s de videos que \u00e9l mismo sub\u00eda a internet, agred\u00eda y menospreciaba a los mexicanos.<\/p>\n<p>Principalmente, deja tambi\u00e9n de manifiesto la deficiente labor de custodia a este extranjero por parte de la Fiscal\u00eda, pese a que est\u00e1 ame\u00adnazado de muerte y cuya golpiza a manos de centenares de cancunen\u00adses ya es noticia internacional.<\/p>\n<p>El propio fiscal Miguel \u00c1ngel Pech Cen asever\u00f3 en conferencia de prensa que el extranjero era v\u00edctima de agre\u00adsiones, raz\u00f3n por la que se manten\u00eda una \u201cestrecha vigilancia\u201d, la que fue f\u00e1cilmente burlada por su operativo.<\/p>\n<p>Esta persona, que se hace llamar Rodrigo Castillo y que al parecer es agente adscrito al Ministerio P\u00fabli\u00adco de la Fiscal\u00eda General del Estado de Quintana Roo en la Zona Norte, poste\u00f3 en su cuenta de Facebook, una fotograf\u00eda en la que se observa su rostro en el costado inferior iz\u00adquierdo y al fondo del lado opuesto recostado sobre una cama hospita\u00adlaria al ruso Aleksei Makeev.<\/p>\n<p>Junto a la imagen, escribi\u00f3 lo si\u00adguiente: \u201cSe dan cuenta, a put*zos le sacamos el diablo al rusonazi, jajaja. Ser\u00e1 que ahora nos respete o le hace falta otra calentadita\u201d (sic). Esta pu\u00adblicaci\u00f3n, la comparti\u00f3 orgullosamen\u00adte en un grupo dedicado a la venta de productos, aunque despu\u00e9s la retir\u00f3.<\/p>\n<p>En su perfil, esta persona dice ser originaria de Felipe Carrillo Puerto y de trabajar para la Fiscal\u00eda Gene\u00adral del Estado apenas desde el 16 de este mes (como \u201cpolic\u00eda secreto\u201d). Curiosamente, el d\u00eda de la agresi\u00f3n propinada a Aleksei Makeev, pu\u00adblic\u00f3 una foto del herido con la le\u00adyenda \u201cesto le pasa a los que hablan mal de los mexicanos\u201d.<\/p>\n<p>Cuestionadas, autoridades del Hospital General de Canc\u00fan, \u201cJes\u00fas Kumate\u201d, anunciaron que interpon\u00addr\u00e1n la denuncia que corresponde, adem\u00e1s de mencionar que por di\u00adcho incidente fue redoblada la cus\u00adtodia policial en torno al extranje\u00adro, lesionado severamente por una multitud y sobre quien pesan cargos por el homicidio de un joven.<\/p>\n<p>El director del Hospital General \u201cJes\u00fas Kumate\u201d, Ignacio Berm\u00fadez Mel\u00e9ndez, inform\u00f3 que al parecer es una persona que tuvo acceso al pabe\u00adll\u00f3n hospitalario del \u00e1rea de Cirug\u00eda durante la realizaci\u00f3n de una diligen\u00adcia a cargo de peritos de la Fiscal\u00eda.<\/p>\n<p>\u201cAl parecer se trata de un agen\u00adte ministerial, quien a trav\u00e9s de su Faceboock hace referencia con al\u00adgunos datos, a que en efecto labora para la Fiscal\u00eda, por lo que se pre\u00adsume que su presencia en el lugar, en su car\u00e1cter de servidor p\u00fablico, se deriv\u00f3 de una diligencia, lo que aprovech\u00f3 para tomarse la foto, sin que los polic\u00edas de Seguridad P\u00fabli\u00adca que resguardan el espacio, no se hayan percatado\u201d, indic\u00f3 el galeno.<\/p>\n<p>A\u00f1adi\u00f3 que desde que se dio a conocer dicha publicaci\u00f3n, se toma\u00adron cartas en el asunto interponien\u00addo las denuncias que correspondan, al ser una persona ajena a la plan\u00adtilla de trabajadores que labora en el nosocomio.<\/p>\n<p>Por ello, destac\u00f3 que a partir de ayer mi\u00e9rcoles aument\u00f3 a cuatro po\u00adlic\u00edas municipales, el n\u00famero de ele\u00admentos que custodian al paciente de origen ruso, siendo dos lo que hasta antes de dicho incidente, lo vigila\u00adban. Se supo extraoficialmente que la Fiscal\u00eda, que ha guardado silencio sobre esta publicaci\u00f3n, anex\u00f3 este in\u00adcidente a la carpeta de investigaci\u00f3n n\u00famero 126\/2017, en la que figura como agraviado Aleksei Makeev.<\/p>\n<div class='share-to-whatsapp-wrapper'><div class='share-on-whsp'>Share on: <\/div><a data-text='Incita agente ministerial a m\u00e1s violencia' data-link='https:\/\/visionpeninsular.com\/mid\/incita-agente-ministerial-a-violencia\/' class='whatsapp-button whatsapp-share'>WhatsApp<\/a><div class='clear '><\/div><\/div>","protected":false},"excerpt":{"rendered":"<p>La Fiscal\u00eda General del Esta\u00addo, a trav\u00e9s de un presunto integrante, tambi\u00e9n habr\u00eda incurrido en la vejaci\u00f3n de Aleksei Makeev, apodado el #LordNaziRuso, y en la incitaci\u00f3n a la violencia en su contra, cuando se supon\u00eda que deb\u00edan custodiarlo por estar amenazado de muerte, mien\u00adtras convalece en el Hospital General de esta ciudad, debido a &hellip;<\/p>\n","protected":false},"author":1,"featured_media":24868,"comment_status":"open","ping_status":"open","sticky":false,"template":"","format":"standard","meta":{"_mi_skip_tracking":false},"categories":[48],"tags":[6546],"_links":{"self":[{"href":"https:\/\/visionpeninsular.com\/mid\/wp-json\/wp\/v2\/posts\/24867"}],"collection":[{"href":"https:\/\/visionpeninsular.com\/mid\/wp-json\/wp\/v2\/posts"}],"about":[{"href":"https:\/\/visionpeninsular.com\/mid\/wp-json\/wp\/v2\/types\/post"}],"author":[{"embeddable":true,"href":"https:\/\/visionpeninsular.com\/mid\/wp-json\/wp\/v2\/users\/1"}],"replies":[{"embeddable":true,"href":"https:\/\/visionpeninsular.com\/mid\/wp-json\/wp\/v2\/comments?post=24867"}],"version-history":[{"count":1,"href":"https:\/\/visionpeninsular.com\/mid\/wp-json\/wp\/v2\/posts\/24867\/revisions"}],"predecessor-version":[{"id":24869,"href":"https:\/\/visionpeninsular.com\/mid\/wp-json\/wp\/v2\/posts\/24867\/revisions\/24869"}],"wp:featuredmedia":[{"embeddable":true,"href":"https:\/\/visionpeninsular.com\/mid\/wp-json\/wp\/v2\/media\/24868"}],"wp:attachment":[{"href":"https:\/\/visionpeninsular.com\/mid\/wp-json\/wp\/v2\/media?parent=24867"}],"wp:term":[{"taxonomy":"category","embeddable":true,"href":"https:\/\/visionpeninsular.com\/mid\/wp-json\/wp\/v2\/categories?post=24867"},{"taxonomy":"post_tag","embeddable":true,"href":"https:\/\/visionpeninsular.com\/mid\/wp-json\/wp\/v2\/tags?post=24867"}],"curies":[{"name":"wp","href":"https:\/\/api.w.org\/{rel}","templated":true}]}}