{"id":24787,"date":"2017-05-23T08:54:46","date_gmt":"2017-05-23T13:54:46","guid":{"rendered":"http:\/\/visionpeninsular.com\/mid\/?p=24787"},"modified":"2017-05-23T08:54:46","modified_gmt":"2017-05-23T13:54:46","slug":"remberto-estrada-impulsa-cultura-cuidado-al-medio-ambiente-en-benito-juarez","status":"publish","type":"post","link":"https:\/\/visionpeninsular.com\/mid\/remberto-estrada-impulsa-cultura-cuidado-al-medio-ambiente-en-benito-juarez\/","title":{"rendered":"REMBERTO ESTRADA IMPULSA CULTURA DE CUIDADO AL MEDIO AMBIENTE EN BENITO JU\u00c1REZ"},"content":{"rendered":"<p>Al presentar el Sistema de Manejo Ambiental, que incluye un Plan de Manejo de Residuos S\u00f3lidos para las oficinas del Ayuntamiento, el Presidente Municipal de Benito Ju\u00e1rez, Remberto Estrada Barba, destac\u00f3 el inter\u00e9s y compromiso de su gobierno por implementar estrategias que fortalezcan el cuidado de los recursos naturales y la separaci\u00f3n de residuos s\u00f3lidos en este municipio.<\/p>\n<p>\u201cPor vocaci\u00f3n y convicci\u00f3n propia, me he comprometido a instrumentar acciones que preserven el medio ambiente y los recursos naturales con los que contamos, ya que gracias a ellos hoy somos l\u00edderes en materia de desarrollo econ\u00f3mico y turismo, con n\u00fameros crecientes a\u00f1o con a\u00f1o que dejan una mejor derrama econ\u00f3mica para todos quienes hemos hecho posible este destino l\u00edder\u201d, afirm\u00f3.<\/p>\n<p>En el evento realizado en el Sal\u00f3n \u201cPresidentes\u201d del Palacio Municipal, el Alcalde destac\u00f3 que si bien Canc\u00fan ha sufrido el impacto de fen\u00f3menos hidrometeorol\u00f3gicos, como los huracanes, con el paso de los a\u00f1os es necesario redoblar esfuerzos para eficientar la separaci\u00f3n de los desechos con esta l\u00ednea de acci\u00f3n que marca un precedente en la historia de la Comuna y en la entidad, al ser la primera vez que se implementa en el Ayuntamiento de Benito Ju\u00e1rez.<\/p>\n<p>\u201cInvitamos a las dependencias del Gobierno Federal y del Gobierno del Estado, junto con la iniciativa privada, para que se sumen al tema de manejo ambiental que estoy seguro ser\u00e1 ben\u00e9fico para el desarrollo de Benito Ju\u00e1rez y para las futuras generaciones. Esperamos que cada vez sean m\u00e1s los que est\u00e9n a favor de una mejor calidad de vida para una ciudad que todos queremos, donde se generen ahorros en recursos tan invaluables como los que tenemos en Canc\u00fan, adem\u00e1s de cumpli\u00e9ndoles a los benitojuarenses\u201d, dijo.<\/p>\n<p>Por su parte, el secretario de Ecolog\u00eda y Desarrollo Urbano, Francisco Zubir\u00e1n Padilla, puntualiz\u00f3 que el 17 de mayo se conmemora el D\u00eda Mundial del Reciclaje y el objetivo general es crear una cultura y poner el ejemplo de esta actividad ante la ciudadan\u00eda, para tener una mejor percepci\u00f3n en las oficinas, por lo que se emitir\u00e1 una gu\u00eda para el personal que contenga h\u00e1bitos para una vida sustentable en las 32 dependencias que conforman la administraci\u00f3n p\u00fablica municipal.<\/p>\n<p>Asimismo, la directora de Ecolog\u00eda, Jeannina Medrano Galindo, explic\u00f3 que en la primera fase del programa fueron capacitados previamente 336 funcionarios p\u00fablicos con 320 horas de instrucci\u00f3n, por lo que seguir\u00e1 la colocaci\u00f3n en primer instancia en las oficinas en el Palacio Municipal de contenedores especiales para el acopio y separaci\u00f3n de los materiales y sus derivados: pl\u00e1stico, metal, papel y cart\u00f3n, adem\u00e1s de electr\u00f3nicos, que ser\u00e1n destinados a una planta acopiadora como parte del plan municipal de reciclaje.<\/p>\n<p>El representante de la empresa SMEC S. A. de C. V., Mateo de la Cruz S\u00e1nchez, felicit\u00f3 al Presidente Municipal por impulsar esta iniciativa, ya que demuestra el compromiso que tiene con el cuidado del medio ambiente y el entorno ecol\u00f3gico, adem\u00e1s de que fomenta esta cultura en el resto de la poblaci\u00f3n, para tener resultados en esta generaci\u00f3n y las siguientes, ya que todos los habitantes son generadores de residuos s\u00f3lidos y deben participar en su disposici\u00f3n adecuada al ser elementos valorizables.<\/p>\n<div class='share-to-whatsapp-wrapper'><div class='share-on-whsp'>Share on: <\/div><a data-text='REMBERTO ESTRADA IMPULSA CULTURA DE CUIDADO AL MEDIO AMBIENTE EN BENITO JU\u00c1REZ' data-link='https:\/\/visionpeninsular.com\/mid\/remberto-estrada-impulsa-cultura-cuidado-al-medio-ambiente-en-benito-juarez\/' class='whatsapp-button whatsapp-share'>WhatsApp<\/a><div class='clear '><\/div><\/div>","protected":false},"excerpt":{"rendered":"<p>Al presentar el Sistema de Manejo Ambiental, que incluye un Plan de Manejo de Residuos S\u00f3lidos para las oficinas del Ayuntamiento, el Presidente Municipal de Benito Ju\u00e1rez, Remberto Estrada Barba, destac\u00f3 el inter\u00e9s y compromiso de su gobierno por implementar estrategias que fortalezcan el cuidado de los recursos naturales y la separaci\u00f3n de residuos s\u00f3lidos &hellip;<\/p>\n","protected":false},"author":1,"featured_media":24790,"comment_status":"open","ping_status":"open","sticky":false,"template":"","format":"standard","meta":{"_mi_skip_tracking":false},"categories":[47],"tags":[3056],"_links":{"self":[{"href":"https:\/\/visionpeninsular.com\/mid\/wp-json\/wp\/v2\/posts\/24787"}],"collection":[{"href":"https:\/\/visionpeninsular.com\/mid\/wp-json\/wp\/v2\/posts"}],"about":[{"href":"https:\/\/visionpeninsular.com\/mid\/wp-json\/wp\/v2\/types\/post"}],"author":[{"embeddable":true,"href":"https:\/\/visionpeninsular.com\/mid\/wp-json\/wp\/v2\/users\/1"}],"replies":[{"embeddable":true,"href":"https:\/\/visionpeninsular.com\/mid\/wp-json\/wp\/v2\/comments?post=24787"}],"version-history":[{"count":1,"href":"https:\/\/visionpeninsular.com\/mid\/wp-json\/wp\/v2\/posts\/24787\/revisions"}],"predecessor-version":[{"id":24791,"href":"https:\/\/visionpeninsular.com\/mid\/wp-json\/wp\/v2\/posts\/24787\/revisions\/24791"}],"wp:featuredmedia":[{"embeddable":true,"href":"https:\/\/visionpeninsular.com\/mid\/wp-json\/wp\/v2\/media\/24790"}],"wp:attachment":[{"href":"https:\/\/visionpeninsular.com\/mid\/wp-json\/wp\/v2\/media?parent=24787"}],"wp:term":[{"taxonomy":"category","embeddable":true,"href":"https:\/\/visionpeninsular.com\/mid\/wp-json\/wp\/v2\/categories?post=24787"},{"taxonomy":"post_tag","embeddable":true,"href":"https:\/\/visionpeninsular.com\/mid\/wp-json\/wp\/v2\/tags?post=24787"}],"curies":[{"name":"wp","href":"https:\/\/api.w.org\/{rel}","templated":true}]}}