{"id":24523,"date":"2017-05-17T05:22:29","date_gmt":"2017-05-17T10:22:29","guid":{"rendered":"http:\/\/visionpeninsular.com\/mid\/?p=24523"},"modified":"2017-05-17T05:22:29","modified_gmt":"2017-05-17T10:22:29","slug":"decretan-reformas-constitucionales-mejorar-productividad-legislativa","status":"publish","type":"post","link":"https:\/\/visionpeninsular.com\/mid\/decretan-reformas-constitucionales-mejorar-productividad-legislativa\/","title":{"rendered":"Decretan reformas constitucionales para mejorar productividad legislativa"},"content":{"rendered":"<p class=\"x_MsoNormal\"><span lang=\"ES\">Tras recibir el aval de siete ayuntamientos de Quintana Roo, el Congreso del Estado decret\u00f3 reformas a la Constituci\u00f3n local que dar\u00e1n pie a la regulaci\u00f3n, a trav\u00e9s de leyes secundarias, de la figura de \u201ccaducidad legislativa\u201d con la que se busca mejorar la productividad legislativa.<\/span><\/p>\n<p class=\"x_MsoNormal\"><span lang=\"ES\">En sesi\u00f3n ordinaria, el Pleno de la XV Legislatura realiz\u00f3 el c\u00f3mputo de votos de los ayuntamientos del Estado, de la Minuta Proyecto de Decreto por el que se reforman el Art\u00edculo 69 y se adiciona un p\u00e1rrafo segundo al Art\u00edculo 73, mismo que fue avalado por los municipios de Oth\u00f3n P. Blanco, Cozumel, Felipe Carrillo Puerto, Isla Mujeres, Tulum, L\u00e1zaro C\u00e1rdenas y Puerto Morelos.<\/span><\/p>\n<p class=\"x_MsoNormal\"><span lang=\"ES\">Con esta reforma decretada, impulsada por la diputada Elda Candelaria Ayuso Achach del grupo parlamentario del PRI, se dar\u00e1 el primer paso para regular y desarrollar en la legislaci\u00f3n secundaria en la materia la figura de la caducidad legislativa, cuyo prop\u00f3sito es el de desechar aquellas iniciativas de ley o de decreto que no hayan sido aprobadas o no exista una pr\u00f3rroga para emitir dictamen, una vez transcurrido cierto tiempo despu\u00e9s de haberse presentado.<\/span><\/p>\n<p class=\"x_MsoNormal\"><span lang=\"ES\">En la misma sesi\u00f3n, el Pleno de la XV Legislatura dio entrada a una iniciativa para la creaci\u00f3n de la Fiscal\u00eda anticorrupci\u00f3n, presentada por los diputados Eduardo Mart\u00ednez Arcila, Fernando Zelaya Espinoza y Jes\u00fas Zetina Tejero, Mayuli Mart\u00ednez Sim\u00f3n, Eugenia Sol\u00eds Salazar y Gabriela Angulo Sauri, integrantes del grupo parlamentario del PAN.<\/span><\/p>\n<p class=\"x_MsoNormal\"><span lang=\"ES\">La iniciativa, cuya lectura estuvo a cargo del diputado Fernando Zelaya Espinoza, propone fortalecer los mecanismos institucionales para detectar, sancionar y erradicar la corrupci\u00f3n, estableciendo a nivel constitucional la creaci\u00f3n de una unidad encargada de atender los delitos relacionados con hechos de corrupci\u00f3n.<\/span><\/p>\n<p class=\"x_MsoNormal\"><span lang=\"ES\">La propuesta para reformar la Ley Org\u00e1nica de la Fiscal\u00eda General del Estado, presentada por la bancada del PAN, se suma a las iniciativas para crear el Sistema Estatal Anticorrupci\u00f3n que han presentado el Ejecutivo estatal, as\u00ed como las fracciones parlamentarias del PRI, PRD, Nueva Alianza y el diputado independiente Juan Ortiz.<\/span><\/p>\n<p class=\"x_MsoNormal\"><span lang=\"ES\">Adem\u00e1s, la XV Legislatura decret\u00f3 reformas a la Constituci\u00f3n local en materia de desindexaci\u00f3n del salario m\u00ednimo, mediante las cuales se elimina el salario m\u00ednimo general vigente en el Estado como unidad de cuenta, \u00edndice, base, medida o referencia, para sustituirlas por la Unidad de Medida y Actualizaci\u00f3n (UMA).<\/span><\/p>\n<p class=\"x_MsoNormal\"><span lang=\"ES\">La reforma constitucional fue decretada tras realizar el c\u00f3mputo de votos de los ayuntamientos de Benito Ju\u00e1rez, Cozumel, Felipe Carrillo Puerto, Isla Mujeres, Puerto Morelos, Tulum, L\u00e1zaro C\u00e1rdenas y Oth\u00f3n P. Blanco, que avalaron la minuta con las modificaciones.<\/span><\/p>\n<p class=\"x_MsoNormal\"><span lang=\"ES\">Por su parte, el diputado Alberto Vado Morales, de la fracci\u00f3n del PRI y presidente de la Comisi\u00f3n de Cultura, present\u00f3 un punto de acuerdo para exhortar a los ayuntamientos de la entidad a que, en el \u00e1mbito de sus facultades, creen los institutos de cultura y las artes en sus demarcaciones territoriales.<\/span><\/p>\n<p class=\"x_MsoNormal\"><span lang=\"ES\">El objetivo de este exhorto, explic\u00f3 Vado Morales, es que a trav\u00e9s de estas instituciones, se le d\u00e9 un impulso permanente a las manifestaciones culturales de nuestro Estado.<\/span><\/p>\n<p class=\"x_MsoNormal\"><span lang=\"ES\">En tanto, el diputado independiente Juan Ortiz Vallejo propuso una iniciativa de reforma a la Constituci\u00f3n de Quintana Roo, para incorporar el concepto supremo \u201clos seres humanos\u201d de la Declaraci\u00f3n Universal de los Derechos Humanos.<\/span><\/p>\n<p class=\"x_MsoNormal\"><span lang=\"ES\">Finalmente, la diputada Elda Candelaria Ayuso Achach, de la fracci\u00f3n parlamentaria del PRI y presidenta de la Comisi\u00f3n de Educaci\u00f3n, Ciencia y Tecnolog\u00eda, hizo uso de la tribuna para pronunciarse con motivo del D\u00eda del Maestro, expresando su reconocimiento, respeto profundo y agradecimiento sincero a todo el magisterio quintanarroense.<\/span><\/p>\n<p class=\"x_MsoNormal\"><span lang=\"ES\">En su intervenci\u00f3n, Ayuso Achach asegur\u00f3 que los maestros, son personas de lucha y de ideales altamente preparados, de firmes compromisos y conocimientos, quienes contribuyen a la diversidad del pensamiento, con un mismo fin: mejorar la calidad de la educaci\u00f3n.<\/span><\/p>\n<p class=\"x_MsoNormal\"><span lang=\"ES\">La legisladora consider\u00f3 que se debe continuar trabajando e integrando las aportaciones que los maestros han realizado a los diferentes \u00f3rganos de gobierno, en esta fase de consolidaci\u00f3n de las reformas educativas, las cuales han puesto en marcha un proceso de reestructuraci\u00f3n, modernizaci\u00f3n y transparencia del sistema educativo mexicano.<\/span><\/p>\n<div class='share-to-whatsapp-wrapper'><div class='share-on-whsp'>Share on: <\/div><a data-text='Decretan reformas constitucionales para mejorar productividad legislativa' data-link='https:\/\/visionpeninsular.com\/mid\/decretan-reformas-constitucionales-mejorar-productividad-legislativa\/' class='whatsapp-button whatsapp-share'>WhatsApp<\/a><div class='clear '><\/div><\/div>","protected":false},"excerpt":{"rendered":"<p>Tras recibir el aval de siete ayuntamientos de Quintana Roo, el Congreso del Estado decret\u00f3 reformas a la Constituci\u00f3n local que dar\u00e1n pie a la regulaci\u00f3n, a trav\u00e9s de leyes secundarias, de la figura de \u201ccaducidad legislativa\u201d con la que se busca mejorar la productividad legislativa. En sesi\u00f3n ordinaria, el Pleno de la XV Legislatura &hellip;<\/p>\n","protected":false},"author":1,"featured_media":24524,"comment_status":"open","ping_status":"open","sticky":false,"template":"","format":"standard","meta":{"_mi_skip_tracking":false},"categories":[47],"tags":[6486],"_links":{"self":[{"href":"https:\/\/visionpeninsular.com\/mid\/wp-json\/wp\/v2\/posts\/24523"}],"collection":[{"href":"https:\/\/visionpeninsular.com\/mid\/wp-json\/wp\/v2\/posts"}],"about":[{"href":"https:\/\/visionpeninsular.com\/mid\/wp-json\/wp\/v2\/types\/post"}],"author":[{"embeddable":true,"href":"https:\/\/visionpeninsular.com\/mid\/wp-json\/wp\/v2\/users\/1"}],"replies":[{"embeddable":true,"href":"https:\/\/visionpeninsular.com\/mid\/wp-json\/wp\/v2\/comments?post=24523"}],"version-history":[{"count":1,"href":"https:\/\/visionpeninsular.com\/mid\/wp-json\/wp\/v2\/posts\/24523\/revisions"}],"predecessor-version":[{"id":24525,"href":"https:\/\/visionpeninsular.com\/mid\/wp-json\/wp\/v2\/posts\/24523\/revisions\/24525"}],"wp:featuredmedia":[{"embeddable":true,"href":"https:\/\/visionpeninsular.com\/mid\/wp-json\/wp\/v2\/media\/24524"}],"wp:attachment":[{"href":"https:\/\/visionpeninsular.com\/mid\/wp-json\/wp\/v2\/media?parent=24523"}],"wp:term":[{"taxonomy":"category","embeddable":true,"href":"https:\/\/visionpeninsular.com\/mid\/wp-json\/wp\/v2\/categories?post=24523"},{"taxonomy":"post_tag","embeddable":true,"href":"https:\/\/visionpeninsular.com\/mid\/wp-json\/wp\/v2\/tags?post=24523"}],"curies":[{"name":"wp","href":"https:\/\/api.w.org\/{rel}","templated":true}]}}