{"id":24520,"date":"2017-05-17T05:15:25","date_gmt":"2017-05-17T10:15:25","guid":{"rendered":"http:\/\/visionpeninsular.com\/mid\/?p=24520"},"modified":"2017-05-17T05:15:25","modified_gmt":"2017-05-17T10:15:25","slug":"solicitara-carlos-joaquin-abrogar-ley-defensores-derechos-humanos-periodistas","status":"publish","type":"post","link":"https:\/\/visionpeninsular.com\/mid\/solicitara-carlos-joaquin-abrogar-ley-defensores-derechos-humanos-periodistas\/","title":{"rendered":"Solicitar\u00e1 Carlos Joaqu\u00edn abrogar ley de defensores de derechos humanos y periodistas"},"content":{"rendered":"<p>El gobernador de Quintana Roo, Carlos Joaqu\u00edn Gonz\u00e1lez, afirm\u00f3 que solicitar\u00e1 abrogar la Ley para la Protecci\u00f3n de las Personas Defensoras de los Derechos Humanos y Periodistas, luego de la pol\u00e9mica desatada por quienes llaman a esta la \u201cLey Borge\u201d.<\/p>\n<p>A pesar de que un d\u00eda antes, el jefe del Ejecutivo en Quintana Roo, dijo que apenas se estaba realizando un an\u00e1lisis profundo de esta ley decretada por la Decimocuarta Legislatura, en entrevista con reporteros de la capital del estado, declar\u00f3 que pedir\u00e1 la abrogaci\u00f3n de mencionada ley para someter a la opini\u00f3n p\u00fablica la integraci\u00f3n de una iniciativa de nueva creaci\u00f3n.<\/p>\n<p>Aunque tambi\u00e9n dijo que se tomar\u00e1 lo m\u00e1s importante de la ley vigente para integrar la nueva propuesta, pedir\u00e1 la abrogaci\u00f3n de la ley, se incluya lo mejor de la actual, pero evitando generar conflictos.<\/p>\n<p>Agreg\u00f3 que se ha realizado una revisi\u00f3n de la ley vigente, que se entienden muchos de los malestares que se han generado ahora.<\/p>\n<p>\u201cEs una ley que aunque entr\u00f3 en vigor no ha seguido una secuencia\u201d, dijo.<\/p>\n<p>El mandatario quintanarroense reiter\u00f3 que se necesita una ley que nazca de la participaci\u00f3n de todos y que \u201ces importante modificar totalmente la que hoy tenemos\u201d.<\/p>\n<p>Carlos Joaqu\u00edn anunci\u00f3 que se llevar\u00e1n a cabo foros de consulta totalmente abiertos para conocer todas las posturas.<\/p>\n<div class='share-to-whatsapp-wrapper'><div class='share-on-whsp'>Share on: <\/div><a data-text='Solicitar\u00e1 Carlos Joaqu\u00edn abrogar ley de defensores de derechos humanos y periodistas' data-link='https:\/\/visionpeninsular.com\/mid\/solicitara-carlos-joaquin-abrogar-ley-defensores-derechos-humanos-periodistas\/' class='whatsapp-button whatsapp-share'>WhatsApp<\/a><div class='clear '><\/div><\/div>","protected":false},"excerpt":{"rendered":"<p>El gobernador de Quintana Roo, Carlos Joaqu\u00edn Gonz\u00e1lez, afirm\u00f3 que solicitar\u00e1 abrogar la Ley para la Protecci\u00f3n de las Personas Defensoras de los Derechos Humanos y Periodistas, luego de la pol\u00e9mica desatada por quienes llaman a esta la \u201cLey Borge\u201d. A pesar de que un d\u00eda antes, el jefe del Ejecutivo en Quintana Roo, dijo &hellip;<\/p>\n","protected":false},"author":1,"featured_media":24521,"comment_status":"open","ping_status":"open","sticky":false,"template":"","format":"standard","meta":{"_mi_skip_tracking":false},"categories":[48],"tags":[54],"_links":{"self":[{"href":"https:\/\/visionpeninsular.com\/mid\/wp-json\/wp\/v2\/posts\/24520"}],"collection":[{"href":"https:\/\/visionpeninsular.com\/mid\/wp-json\/wp\/v2\/posts"}],"about":[{"href":"https:\/\/visionpeninsular.com\/mid\/wp-json\/wp\/v2\/types\/post"}],"author":[{"embeddable":true,"href":"https:\/\/visionpeninsular.com\/mid\/wp-json\/wp\/v2\/users\/1"}],"replies":[{"embeddable":true,"href":"https:\/\/visionpeninsular.com\/mid\/wp-json\/wp\/v2\/comments?post=24520"}],"version-history":[{"count":1,"href":"https:\/\/visionpeninsular.com\/mid\/wp-json\/wp\/v2\/posts\/24520\/revisions"}],"predecessor-version":[{"id":24522,"href":"https:\/\/visionpeninsular.com\/mid\/wp-json\/wp\/v2\/posts\/24520\/revisions\/24522"}],"wp:featuredmedia":[{"embeddable":true,"href":"https:\/\/visionpeninsular.com\/mid\/wp-json\/wp\/v2\/media\/24521"}],"wp:attachment":[{"href":"https:\/\/visionpeninsular.com\/mid\/wp-json\/wp\/v2\/media?parent=24520"}],"wp:term":[{"taxonomy":"category","embeddable":true,"href":"https:\/\/visionpeninsular.com\/mid\/wp-json\/wp\/v2\/categories?post=24520"},{"taxonomy":"post_tag","embeddable":true,"href":"https:\/\/visionpeninsular.com\/mid\/wp-json\/wp\/v2\/tags?post=24520"}],"curies":[{"name":"wp","href":"https:\/\/api.w.org\/{rel}","templated":true}]}}