{"id":2373,"date":"2016-04-23T09:33:51","date_gmt":"2016-04-23T14:33:51","guid":{"rendered":"http:\/\/visionpeninsular.com\/mid\/?p=2373"},"modified":"2016-04-23T09:33:51","modified_gmt":"2016-04-23T14:33:51","slug":"profepa-anuncio-que-embarcacion-encallada-en-arrecife-alacranes-sera-sancionada","status":"publish","type":"post","link":"https:\/\/visionpeninsular.com\/mid\/profepa-anuncio-que-embarcacion-encallada-en-arrecife-alacranes-sera-sancionada\/","title":{"rendered":"PROFEPA anuncio que embarcaci\u00f3n encallada en Arrecife Alacranes ser\u00e1 sancionada"},"content":{"rendered":"<p>(ACOM).-La Procuradur\u00eda Federal de Protecci\u00f3n al Ambiente (Profepa) sancionar\u00e1 a la embarcaci\u00f3n \u201cPalo de Tinte\u201d que se encuentra encallada en Arrecife Alacranes desde hace varios d\u00edas, una vez que sea retirada del sitio.<br \/>\nSobre este tema, el delegado en Yucat\u00e1n de la dependencia, Jos\u00e9 Lafontaine Hamui, indic\u00f3 que independientemente de si hubo intenci\u00f3n o no, la ley contempla sanciones para quien da\u00f1e arrecifes coralinos en M\u00e9xico, aunque afirm\u00f3 que la labor que realizaban los tripulantes es un punto que se tomar\u00e1 en cuenta.<\/p>\n<p>\u201cLa nave se encontraba haciendo unas mediciones, no es de pesca ni recreativa y mucho menos buscaba un fin econ\u00f3mico, aunque esto no le quita la sanci\u00f3n que recibir\u00e1 por afectar a esta zona\u201d, dijo.<\/p>\n<p>La embarcaci\u00f3n, un remolcador de 70 pies de eslora y con matr\u00edcula de Campeche, qued\u00f3 encallada desde el 12 de abril pasado en la zona del \u201cS\u00e1ndwich\u201d, luego de sufrir una falla t\u00e9cnica que la dej\u00f3 a la deriva.<\/p>\n<p>Ante esto, Lafontaine Hamui indic\u00f3 que la empresa responsable del barco presentar\u00e1 en breve su plan de salvataje, de modo que esta se retire de la zona lo m\u00e1s pronto posible.<\/p>\n<p>Apunt\u00f3 que una vez que esta quede liberada, los inspectores de la Profepa iniciar\u00e1n las labores de cuantificaci\u00f3n de los da\u00f1os, los cuales servir\u00e1n como prueba para solventar la sanci\u00f3n que se impondr\u00e1 a la embarcaci\u00f3n por este hecho.<\/p>\n<div class='share-to-whatsapp-wrapper'><div class='share-on-whsp'>Share on: <\/div><a data-text='PROFEPA anuncio que embarcaci\u00f3n encallada en Arrecife Alacranes ser\u00e1 sancionada' data-link='https:\/\/visionpeninsular.com\/mid\/profepa-anuncio-que-embarcacion-encallada-en-arrecife-alacranes-sera-sancionada\/' class='whatsapp-button whatsapp-share'>WhatsApp<\/a><div class='clear '><\/div><\/div>","protected":false},"excerpt":{"rendered":"<p>(ACOM).-La Procuradur\u00eda Federal de Protecci\u00f3n al Ambiente (Profepa) sancionar\u00e1 a la embarcaci\u00f3n \u201cPalo de Tinte\u201d que se encuentra encallada en Arrecife Alacranes desde hace varios d\u00edas, una vez que sea retirada del sitio. Sobre este tema, el delegado en Yucat\u00e1n de la dependencia, Jos\u00e9 Lafontaine Hamui, indic\u00f3 que independientemente de si hubo intenci\u00f3n o no, &hellip;<\/p>\n","protected":false},"author":1,"featured_media":2374,"comment_status":"open","ping_status":"closed","sticky":false,"template":"","format":"standard","meta":{"_mi_skip_tracking":false},"categories":[50],"tags":[470,373],"_links":{"self":[{"href":"https:\/\/visionpeninsular.com\/mid\/wp-json\/wp\/v2\/posts\/2373"}],"collection":[{"href":"https:\/\/visionpeninsular.com\/mid\/wp-json\/wp\/v2\/posts"}],"about":[{"href":"https:\/\/visionpeninsular.com\/mid\/wp-json\/wp\/v2\/types\/post"}],"author":[{"embeddable":true,"href":"https:\/\/visionpeninsular.com\/mid\/wp-json\/wp\/v2\/users\/1"}],"replies":[{"embeddable":true,"href":"https:\/\/visionpeninsular.com\/mid\/wp-json\/wp\/v2\/comments?post=2373"}],"version-history":[{"count":1,"href":"https:\/\/visionpeninsular.com\/mid\/wp-json\/wp\/v2\/posts\/2373\/revisions"}],"predecessor-version":[{"id":2375,"href":"https:\/\/visionpeninsular.com\/mid\/wp-json\/wp\/v2\/posts\/2373\/revisions\/2375"}],"wp:featuredmedia":[{"embeddable":true,"href":"https:\/\/visionpeninsular.com\/mid\/wp-json\/wp\/v2\/media\/2374"}],"wp:attachment":[{"href":"https:\/\/visionpeninsular.com\/mid\/wp-json\/wp\/v2\/media?parent=2373"}],"wp:term":[{"taxonomy":"category","embeddable":true,"href":"https:\/\/visionpeninsular.com\/mid\/wp-json\/wp\/v2\/categories?post=2373"},{"taxonomy":"post_tag","embeddable":true,"href":"https:\/\/visionpeninsular.com\/mid\/wp-json\/wp\/v2\/tags?post=2373"}],"curies":[{"name":"wp","href":"https:\/\/api.w.org\/{rel}","templated":true}]}}