{"id":23575,"date":"2017-04-17T11:09:38","date_gmt":"2017-04-17T16:09:38","guid":{"rendered":"http:\/\/visionpeninsular.com\/mid\/?p=23575"},"modified":"2017-04-17T11:09:38","modified_gmt":"2017-04-17T16:09:38","slug":"ayuntamiento-merida-se-prepara-festejar-a-los-ninos-en-dia","status":"publish","type":"post","link":"https:\/\/visionpeninsular.com\/mid\/ayuntamiento-merida-se-prepara-festejar-a-los-ninos-en-dia\/","title":{"rendered":"El Ayuntamiento de M\u00e9rida se prepara para festejar a los ni\u00f1os en su d\u00eda"},"content":{"rendered":"<p>Presentaci\u00f3n de obras de teatro en diversos puntos de la ciudad<\/p>\n<p>A fin de festejar a los ni\u00f1os en su d\u00eda el pr\u00f3ximo 30 de abril, el Ayuntamiento de M\u00e9rida, por indicaciones del alcalde Mauricio Vila Dosal, se encuentra ultimando los detalles de esta celebraci\u00f3n, inform\u00f3 el coordinador de Pol\u00edtica Comunitaria del Ayuntamiento de M\u00e9rida, V\u00edctor Hugo Lozano Poveda, con lo cual asegura que la diversi\u00f3n y las sorpresas formar\u00e1n parte de las actividades, promoviendo la sana convivencia familiar.<\/p>\n<p>Lozano Poveda mencion\u00f3 que el d\u00eda fuerte de actividades ser\u00e1 el 29 de abril, en el Parque Zool\u00f3gico del Bicentenario Animaya, en donde habr\u00e1 juegos infantiles, concursos, rifas e incluso, la presentaci\u00f3n de una obra teatral con el tema de Piratas y animadores que se encargar\u00e1n de interactuar con los asistentes. Las actividades comenzar\u00edan a partir de las 4 pm.<\/p>\n<p>Dijo que el alcalde los instruy\u00f3 para que este a\u00f1o se agregaran m\u00e1s actividades en otras zonas de la ciudad, a fin de llevar la diversi\u00f3n a las familias de M\u00e9rida, por ello se llevar\u00e1 a efecto la presentaci\u00f3n de otra obra denominada \u201cEl Libro M\u00e1gico\u201d, una obra de danza contempor\u00e1nea circense en dos colonias de la ciudad, en Juan Pablo II y en la Melit\u00f3n Salazar en dos horarios, a las 6 y 8 pm.<\/p>\n<p> La presentaci\u00f3n se realizar\u00e1 los d\u00edas 17 y 18 en el parque del Papa en Juan Pablo II y el 21 en el parque de la colonia Melit\u00f3n Salazar, en ambas ser\u00e1n dos funciones 6 y 8 pm, la entrada ser\u00e1 totalmente gratuita.<\/p>\n<p>-Esta obra es similar a la que se present\u00f3 en Vergel en diciembre, denominada una \u201cCarta para Santa\u201d, de la misma compa\u00f1\u00eda teatral dirigida por Oscar Cambranes-dijo. <\/p>\n<p>Record\u00f3 que para la realizaci\u00f3n de estas actividades, se cuenta con la participaci\u00f3n de la Direcci\u00f3n de Desarrollo Social y del DIF Municipal y la Direcci\u00f3n de Servicios P\u00fablicos Municipales, encargados de brindar apoyo para el montaje y desmontaje y la limpieza y la Polic\u00eda Municipal para garantizar la seguridad de los ciudadanos.<\/p>\n<p>Manifest\u00f3 que en el caso del 29 de abril, en el evento que se efectuar\u00e1 en Animaya, estar\u00e1 a cargo de 25 maestros de educaci\u00f3n f\u00edsica quienes se encargar\u00e1n de organizar juegos y diversas actividades para los ni\u00f1os y que iniciar\u00e1 a las 5:30 pm.<\/p>\n<p>-A cada ni\u00f1o se le entregar\u00e1 un kit que incluye camiseta, una pelota, un refrigerio y un boleto para la rifa que se realizar\u00e1-dijo.<br \/>\nAsimismo, continu\u00f3, contaremos con la participaci\u00f3n del teatro gui\u00f1ol, la participaci\u00f3n de botargas, zanqueros y por supuesto los tradicionales pinta caritas.<\/p>\n<p>Lozano Poveda explic\u00f3 que las actividades en la tarima principal iniciar\u00e1n con la participaci\u00f3n de los \u201cPayadzules\u201d y posteriormente un animador efectuar\u00e1 la rifa de numerosos regalos para los ni\u00f1os. <\/p>\n<p>Destac\u00f3 que mediante las redes sociales del Ayuntamiento y dem\u00e1s direcciones municipales se estar\u00e1 informando a los meridanos de otras actividades que se realizar\u00e1n, a fin de que corran la voz y asistan m\u00e1s a disfrutarlas.<\/p>\n<p>\u201cEsperamos que los ciudadanos asistan a estas actividades que el Ayuntamiento que encabeza el alcalde, Mauricio Vila Dosal, est\u00e1 organizando para festejar a los ni\u00f1os, que a diario con sus ocurrencias y su alegr\u00eda nos dibujan sonrisas y tambi\u00e9n para que nosotros como adultos recordemos al ni\u00f1o que llevamos dentro\u201d, agreg\u00f3.<\/p>\n<div class='share-to-whatsapp-wrapper'><div class='share-on-whsp'>Share on: <\/div><a data-text='El Ayuntamiento de M\u00e9rida se prepara para festejar a los ni\u00f1os en su d\u00eda' data-link='https:\/\/visionpeninsular.com\/mid\/ayuntamiento-merida-se-prepara-festejar-a-los-ninos-en-dia\/' class='whatsapp-button whatsapp-share'>WhatsApp<\/a><div class='clear '><\/div><\/div>","protected":false},"excerpt":{"rendered":"<p>Presentaci\u00f3n de obras de teatro en diversos puntos de la ciudad A fin de festejar a los ni\u00f1os en su d\u00eda el pr\u00f3ximo 30 de abril, el Ayuntamiento de M\u00e9rida, por indicaciones del alcalde Mauricio Vila Dosal, se encuentra ultimando los detalles de esta celebraci\u00f3n, inform\u00f3 el coordinador de Pol\u00edtica Comunitaria del Ayuntamiento de M\u00e9rida, &hellip;<\/p>\n","protected":false},"author":5,"featured_media":23577,"comment_status":"open","ping_status":"open","sticky":false,"template":"","format":"standard","meta":{"_mi_skip_tracking":false},"categories":[49,37],"tags":[41,331,3861,1606],"_links":{"self":[{"href":"https:\/\/visionpeninsular.com\/mid\/wp-json\/wp\/v2\/posts\/23575"}],"collection":[{"href":"https:\/\/visionpeninsular.com\/mid\/wp-json\/wp\/v2\/posts"}],"about":[{"href":"https:\/\/visionpeninsular.com\/mid\/wp-json\/wp\/v2\/types\/post"}],"author":[{"embeddable":true,"href":"https:\/\/visionpeninsular.com\/mid\/wp-json\/wp\/v2\/users\/5"}],"replies":[{"embeddable":true,"href":"https:\/\/visionpeninsular.com\/mid\/wp-json\/wp\/v2\/comments?post=23575"}],"version-history":[{"count":1,"href":"https:\/\/visionpeninsular.com\/mid\/wp-json\/wp\/v2\/posts\/23575\/revisions"}],"predecessor-version":[{"id":23578,"href":"https:\/\/visionpeninsular.com\/mid\/wp-json\/wp\/v2\/posts\/23575\/revisions\/23578"}],"wp:featuredmedia":[{"embeddable":true,"href":"https:\/\/visionpeninsular.com\/mid\/wp-json\/wp\/v2\/media\/23577"}],"wp:attachment":[{"href":"https:\/\/visionpeninsular.com\/mid\/wp-json\/wp\/v2\/media?parent=23575"}],"wp:term":[{"taxonomy":"category","embeddable":true,"href":"https:\/\/visionpeninsular.com\/mid\/wp-json\/wp\/v2\/categories?post=23575"},{"taxonomy":"post_tag","embeddable":true,"href":"https:\/\/visionpeninsular.com\/mid\/wp-json\/wp\/v2\/tags?post=23575"}],"curies":[{"name":"wp","href":"https:\/\/api.w.org\/{rel}","templated":true}]}}